{"id":1223,"date":"2024-03-22T17:48:11","date_gmt":"2024-03-22T16:48:11","guid":{"rendered":"https:\/\/www.lycee-elisalemonnier.fr\/site\/?p=1223"},"modified":"2024-03-22T18:12:06","modified_gmt":"2024-03-22T17:12:06","slug":"le-lycee-elisa-lemonnier-remporte-son-premier-concours-de-cuisine-en-pologne","status":"publish","type":"post","link":"https:\/\/www.lycee-elisalemonnier.fr\/site\/2024\/03\/22\/le-lycee-elisa-lemonnier-remporte-son-premier-concours-de-cuisine-en-pologne\/","title":{"rendered":"Le lyc\u00e9e Elisa Lemonnier remporte son premier concours de cuisine en Pologne"},"content":{"rendered":"\n<p>La semaine derni\u00e8re, Rudy &amp; Enzo, 2 \u00e9l\u00e8ves de Bac Pro Cuisine accompagn\u00e9s de leurs chefs sont partis direction la Pologne \u00e0 Bialystok.<\/p>\n\n\n\n<figure class=\"wp-block-gallery has-nested-images columns-default is-cropped wp-block-gallery-1 is-layout-flex wp-block-gallery-is-layout-flex\">\n<figure class=\"wp-block-image size-large\"><img fetchpriority=\"high\" decoding=\"async\" width=\"1024\" height=\"1024\" data-id=\"1225\" src=\"https:\/\/www.lycee-elisalemonnier.fr\/site\/wp-content\/uploads\/2024\/03\/433531979_1194802534976722_4400160204533113996_n-1024x1024.jpg\" alt=\"\" class=\"wp-image-1225\" srcset=\"https:\/\/www.lycee-elisalemonnier.fr\/site\/wp-content\/uploads\/2024\/03\/433531979_1194802534976722_4400160204533113996_n-1024x1024.jpg 1024w, https:\/\/www.lycee-elisalemonnier.fr\/site\/wp-content\/uploads\/2024\/03\/433531979_1194802534976722_4400160204533113996_n-300x300.jpg 300w, https:\/\/www.lycee-elisalemonnier.fr\/site\/wp-content\/uploads\/2024\/03\/433531979_1194802534976722_4400160204533113996_n-150x150.jpg 150w, https:\/\/www.lycee-elisalemonnier.fr\/site\/wp-content\/uploads\/2024\/03\/433531979_1194802534976722_4400160204533113996_n-768x768.jpg 768w, https:\/\/www.lycee-elisalemonnier.fr\/site\/wp-content\/uploads\/2024\/03\/433531979_1194802534976722_4400160204533113996_n.jpg 1440w\" sizes=\"(max-width: 1024px) 100vw, 1024px\" \/><\/figure>\n<\/figure>\n\n\n\n<p>Leur objectif ? Participer \u00e0 un concours culinaire dans la cat\u00e9gorie \u00ab\u00a0P\u00e2tisserie\u00a0\u00bb.<\/p>\n\n\n\n<p><\/p>\n\n\n\n<p>Le duo de choc a brillamment repr\u00e9sent\u00e9 le lyc\u00e9e en remportant le concours. F\u00e9licitations !<\/p>\n\n\n\n<p><\/p>\n\n\n\n<figure class=\"wp-block-gallery has-nested-images columns-default is-cropped wp-block-gallery-2 is-layout-flex wp-block-gallery-is-layout-flex\">\n<figure class=\"wp-block-image size-large\"><img decoding=\"async\" width=\"1024\" height=\"1024\" data-id=\"1227\" src=\"https:\/\/www.lycee-elisalemonnier.fr\/site\/wp-content\/uploads\/2024\/03\/433536789_1194802531643389_7790126545200975727_n-1024x1024.jpg\" alt=\"\" class=\"wp-image-1227\" srcset=\"https:\/\/www.lycee-elisalemonnier.fr\/site\/wp-content\/uploads\/2024\/03\/433536789_1194802531643389_7790126545200975727_n-1024x1024.jpg 1024w, https:\/\/www.lycee-elisalemonnier.fr\/site\/wp-content\/uploads\/2024\/03\/433536789_1194802531643389_7790126545200975727_n-300x300.jpg 300w, https:\/\/www.lycee-elisalemonnier.fr\/site\/wp-content\/uploads\/2024\/03\/433536789_1194802531643389_7790126545200975727_n-150x150.jpg 150w, https:\/\/www.lycee-elisalemonnier.fr\/site\/wp-content\/uploads\/2024\/03\/433536789_1194802531643389_7790126545200975727_n-768x768.jpg 768w, https:\/\/www.lycee-elisalemonnier.fr\/site\/wp-content\/uploads\/2024\/03\/433536789_1194802531643389_7790126545200975727_n.jpg 1080w\" sizes=\"(max-width: 1024px) 100vw, 1024px\" \/><\/figure>\n\n\n\n<figure class=\"wp-block-image size-large\"><img decoding=\"async\" width=\"1024\" height=\"1024\" data-id=\"1226\" src=\"https:\/\/www.lycee-elisalemonnier.fr\/site\/wp-content\/uploads\/2024\/03\/433576103_1194802538310055_8195331565844432084_n-1024x1024.jpg\" alt=\"\" class=\"wp-image-1226\" srcset=\"https:\/\/www.lycee-elisalemonnier.fr\/site\/wp-content\/uploads\/2024\/03\/433576103_1194802538310055_8195331565844432084_n-1024x1024.jpg 1024w, https:\/\/www.lycee-elisalemonnier.fr\/site\/wp-content\/uploads\/2024\/03\/433576103_1194802538310055_8195331565844432084_n-300x300.jpg 300w, https:\/\/www.lycee-elisalemonnier.fr\/site\/wp-content\/uploads\/2024\/03\/433576103_1194802538310055_8195331565844432084_n-150x150.jpg 150w, https:\/\/www.lycee-elisalemonnier.fr\/site\/wp-content\/uploads\/2024\/03\/433576103_1194802538310055_8195331565844432084_n-768x768.jpg 768w, https:\/\/www.lycee-elisalemonnier.fr\/site\/wp-content\/uploads\/2024\/03\/433576103_1194802538310055_8195331565844432084_n.jpg 1080w\" sizes=\"(max-width: 1024px) 100vw, 1024px\" \/><\/figure>\n<\/figure>\n\n\n\n<figure class=\"wp-block-gallery has-nested-images columns-default is-cropped wp-block-gallery-3 is-layout-flex wp-block-gallery-is-layout-flex\">\n<figure class=\"wp-block-image size-large\"><img loading=\"lazy\" decoding=\"async\" width=\"510\" height=\"327\" data-id=\"1228\" src=\"https:\/\/www.lycee-elisalemonnier.fr\/site\/wp-content\/uploads\/2024\/03\/2-3.jpg\" alt=\"\" class=\"wp-image-1228\" srcset=\"https:\/\/www.lycee-elisalemonnier.fr\/site\/wp-content\/uploads\/2024\/03\/2-3.jpg 510w, https:\/\/www.lycee-elisalemonnier.fr\/site\/wp-content\/uploads\/2024\/03\/2-3-300x192.jpg 300w\" sizes=\"(max-width: 510px) 100vw, 510px\" \/><\/figure>\n\n\n\n<figure class=\"wp-block-image size-large\"><img loading=\"lazy\" decoding=\"async\" width=\"1024\" height=\"622\" data-id=\"1229\" src=\"https:\/\/www.lycee-elisalemonnier.fr\/site\/wp-content\/uploads\/2024\/03\/420412010_913986980734905_7086031311465509994_n-1024x622.jpg\" alt=\"\" class=\"wp-image-1229\" srcset=\"https:\/\/www.lycee-elisalemonnier.fr\/site\/wp-content\/uploads\/2024\/03\/420412010_913986980734905_7086031311465509994_n-1024x622.jpg 1024w, https:\/\/www.lycee-elisalemonnier.fr\/site\/wp-content\/uploads\/2024\/03\/420412010_913986980734905_7086031311465509994_n-300x182.jpg 300w, https:\/\/www.lycee-elisalemonnier.fr\/site\/wp-content\/uploads\/2024\/03\/420412010_913986980734905_7086031311465509994_n-768x466.jpg 768w, https:\/\/www.lycee-elisalemonnier.fr\/site\/wp-content\/uploads\/2024\/03\/420412010_913986980734905_7086031311465509994_n-1536x932.jpg 1536w, https:\/\/www.lycee-elisalemonnier.fr\/site\/wp-content\/uploads\/2024\/03\/420412010_913986980734905_7086031311465509994_n.jpg 2048w\" sizes=\"(max-width: 1024px) 100vw, 1024px\" \/><\/figure>\n<\/figure>\n\n\n\n<figure class=\"wp-block-gallery has-nested-images columns-default is-cropped wp-block-gallery-4 is-layout-flex wp-block-gallery-is-layout-flex\">\n<figure class=\"wp-block-image size-large\"><img loading=\"lazy\" decoding=\"async\" width=\"1024\" height=\"1024\" data-id=\"1231\" src=\"https:\/\/www.lycee-elisalemonnier.fr\/site\/wp-content\/uploads\/2024\/03\/432434898_1194802551643387_7651894935068177529_n-1024x1024.jpg\" alt=\"\" class=\"wp-image-1231\" srcset=\"https:\/\/www.lycee-elisalemonnier.fr\/site\/wp-content\/uploads\/2024\/03\/432434898_1194802551643387_7651894935068177529_n-1024x1024.jpg 1024w, https:\/\/www.lycee-elisalemonnier.fr\/site\/wp-content\/uploads\/2024\/03\/432434898_1194802551643387_7651894935068177529_n-300x300.jpg 300w, https:\/\/www.lycee-elisalemonnier.fr\/site\/wp-content\/uploads\/2024\/03\/432434898_1194802551643387_7651894935068177529_n-150x150.jpg 150w, https:\/\/www.lycee-elisalemonnier.fr\/site\/wp-content\/uploads\/2024\/03\/432434898_1194802551643387_7651894935068177529_n-768x768.jpg 768w, https:\/\/www.lycee-elisalemonnier.fr\/site\/wp-content\/uploads\/2024\/03\/432434898_1194802551643387_7651894935068177529_n.jpg 1440w\" sizes=\"(max-width: 1024px) 100vw, 1024px\" \/><\/figure>\n\n\n\n<figure class=\"wp-block-image size-large\"><img loading=\"lazy\" decoding=\"async\" width=\"1024\" height=\"1024\" data-id=\"1230\" src=\"https:\/\/www.lycee-elisalemonnier.fr\/site\/wp-content\/uploads\/2024\/03\/432465890_1194802558310053_5035055879185526479_n-1024x1024.jpg\" alt=\"\" class=\"wp-image-1230\" srcset=\"https:\/\/www.lycee-elisalemonnier.fr\/site\/wp-content\/uploads\/2024\/03\/432465890_1194802558310053_5035055879185526479_n-1024x1024.jpg 1024w, https:\/\/www.lycee-elisalemonnier.fr\/site\/wp-content\/uploads\/2024\/03\/432465890_1194802558310053_5035055879185526479_n-300x300.jpg 300w, https:\/\/www.lycee-elisalemonnier.fr\/site\/wp-content\/uploads\/2024\/03\/432465890_1194802558310053_5035055879185526479_n-150x150.jpg 150w, https:\/\/www.lycee-elisalemonnier.fr\/site\/wp-content\/uploads\/2024\/03\/432465890_1194802558310053_5035055879185526479_n-768x768.jpg 768w, https:\/\/www.lycee-elisalemonnier.fr\/site\/wp-content\/uploads\/2024\/03\/432465890_1194802558310053_5035055879185526479_n.jpg 1059w\" sizes=\"(max-width: 1024px) 100vw, 1024px\" \/><\/figure>\n<\/figure>\n\n\n\n<p><\/p>\n\n\n\n<p>Ce court s\u00e9jour fut \u00e9galement l&rsquo;occasion de visiter une \u00e9cole h\u00f4teli\u00e8re ainsi qu&rsquo;une p\u00e2tisserie-boutique.<\/p>\n\n\n\n<figure class=\"wp-block-gallery has-nested-images columns-default is-cropped wp-block-gallery-5 is-layout-flex wp-block-gallery-is-layout-flex\">\n<figure class=\"wp-block-image size-large\"><img loading=\"lazy\" decoding=\"async\" width=\"1024\" height=\"1024\" data-id=\"1232\" src=\"https:\/\/www.lycee-elisalemonnier.fr\/site\/wp-content\/uploads\/2024\/03\/432398741_1194802541643388_1704036748755480948_n-1024x1024.jpg\" alt=\"\" class=\"wp-image-1232\" srcset=\"https:\/\/www.lycee-elisalemonnier.fr\/site\/wp-content\/uploads\/2024\/03\/432398741_1194802541643388_1704036748755480948_n-1024x1024.jpg 1024w, https:\/\/www.lycee-elisalemonnier.fr\/site\/wp-content\/uploads\/2024\/03\/432398741_1194802541643388_1704036748755480948_n-300x300.jpg 300w, https:\/\/www.lycee-elisalemonnier.fr\/site\/wp-content\/uploads\/2024\/03\/432398741_1194802541643388_1704036748755480948_n-150x150.jpg 150w, https:\/\/www.lycee-elisalemonnier.fr\/site\/wp-content\/uploads\/2024\/03\/432398741_1194802541643388_1704036748755480948_n-768x768.jpg 768w, https:\/\/www.lycee-elisalemonnier.fr\/site\/wp-content\/uploads\/2024\/03\/432398741_1194802541643388_1704036748755480948_n.jpg 1440w\" sizes=\"(max-width: 1024px) 100vw, 1024px\" \/><\/figure>\n\n\n\n<figure class=\"wp-block-image size-large\"><img loading=\"lazy\" decoding=\"async\" width=\"576\" height=\"1024\" data-id=\"1233\" src=\"https:\/\/www.lycee-elisalemonnier.fr\/site\/wp-content\/uploads\/2024\/03\/432545259_343662278062696_3789888237264077813_n-1-576x1024.jpeg\" alt=\"\" class=\"wp-image-1233\" srcset=\"https:\/\/www.lycee-elisalemonnier.fr\/site\/wp-content\/uploads\/2024\/03\/432545259_343662278062696_3789888237264077813_n-1-576x1024.jpeg 576w, https:\/\/www.lycee-elisalemonnier.fr\/site\/wp-content\/uploads\/2024\/03\/432545259_343662278062696_3789888237264077813_n-1-169x300.jpeg 169w, https:\/\/www.lycee-elisalemonnier.fr\/site\/wp-content\/uploads\/2024\/03\/432545259_343662278062696_3789888237264077813_n-1.jpeg 640w\" sizes=\"(max-width: 576px) 100vw, 576px\" \/><\/figure>\n<\/figure>\n\n\n\n<p>L&rsquo;exp\u00e9rience a \u00e9t\u00e9 tr\u00e8s enrichissante en \u00e9changes, en rencontres, mais nous avons \u00e9galement eu l&rsquo;occasion de revoir nos partenaires lituaniens.<\/p>\n\n\n\n<p>Consultez l&rsquo;article de <a href=\"https:\/\/www.lavoixdunord.fr\/1442662\/article\/2024-03-20\/douai-le-lycee-lemonnier-remporte-son-premier-concours-de-cuisine-en-pologne\">La voix du Nord<\/a> <\/p>\n\n\n\n<p>\u00ab\u00a0<em>On est tr\u00e8s fier de vous, on est fier de nos \u00e9l\u00e8ves, particuli\u00e8rement quand ils r\u00e9ussissent et quand ils nous repr\u00e9sentent bien<\/em>\u00a0\u00bb. Monsieur Dupuich.<\/p>\n","protected":false},"excerpt":{"rendered":"<p>La semaine derni\u00e8re, Rudy &amp; Enzo, 2 \u00e9l\u00e8ves de Bac Pro Cuisine accompagn\u00e9s de leurs chefs sont partis direction la Pologne \u00e0 Bialystok. Leur objectif ? Participer \u00e0 un concours culinaire dans la cat\u00e9gorie \u00ab\u00a0P\u00e2tisserie\u00a0\u00bb. Le duo de choc a brillamment repr\u00e9sent\u00e9 le lyc\u00e9e en remportant le concours. F\u00e9licitations ! Ce court s\u00e9jour fut \u00e9galement&hellip;&nbsp;<a href=\"https:\/\/www.lycee-elisalemonnier.fr\/site\/2024\/03\/22\/le-lycee-elisa-lemonnier-remporte-son-premier-concours-de-cuisine-en-pologne\/\" class=\"\" rel=\"bookmark\">Lire la suite &raquo;<span class=\"screen-reader-text\">Le lyc\u00e9e Elisa Lemonnier remporte son premier concours de cuisine en Pologne<\/span><\/a><\/p>\n","protected":false},"author":2,"featured_media":1234,"comment_status":"closed","ping_status":"open","sticky":false,"template":"","format":"standard","meta":{"neve_meta_sidebar":"","neve_meta_container":"","neve_meta_enable_content_width":"","neve_meta_content_width":0,"neve_meta_title_alignment":"","neve_meta_author_avatar":"","neve_post_elements_order":"","neve_meta_disable_header":"","neve_meta_disable_footer":"","neve_meta_disable_title":"","footnotes":""},"categories":[1],"tags":[],"class_list":["post-1223","post","type-post","status-publish","format-standard","has-post-thumbnail","hentry","category-non-classe"],"_links":{"self":[{"href":"https:\/\/www.lycee-elisalemonnier.fr\/site\/wp-json\/wp\/v2\/posts\/1223","targetHints":{"allow":["GET"]}}],"collection":[{"href":"https:\/\/www.lycee-elisalemonnier.fr\/site\/wp-json\/wp\/v2\/posts"}],"about":[{"href":"https:\/\/www.lycee-elisalemonnier.fr\/site\/wp-json\/wp\/v2\/types\/post"}],"author":[{"embeddable":true,"href":"https:\/\/www.lycee-elisalemonnier.fr\/site\/wp-json\/wp\/v2\/users\/2"}],"replies":[{"embeddable":true,"href":"https:\/\/www.lycee-elisalemonnier.fr\/site\/wp-json\/wp\/v2\/comments?post=1223"}],"version-history":[{"count":3,"href":"https:\/\/www.lycee-elisalemonnier.fr\/site\/wp-json\/wp\/v2\/posts\/1223\/revisions"}],"predecessor-version":[{"id":1263,"href":"https:\/\/www.lycee-elisalemonnier.fr\/site\/wp-json\/wp\/v2\/posts\/1223\/revisions\/1263"}],"wp:featuredmedia":[{"embeddable":true,"href":"https:\/\/www.lycee-elisalemonnier.fr\/site\/wp-json\/wp\/v2\/media\/1234"}],"wp:attachment":[{"href":"https:\/\/www.lycee-elisalemonnier.fr\/site\/wp-json\/wp\/v2\/media?parent=1223"}],"wp:term":[{"taxonomy":"category","embeddable":true,"href":"https:\/\/www.lycee-elisalemonnier.fr\/site\/wp-json\/wp\/v2\/categories?post=1223"},{"taxonomy":"post_tag","embeddable":true,"href":"https:\/\/www.lycee-elisalemonnier.fr\/site\/wp-json\/wp\/v2\/tags?post=1223"}],"curies":[{"name":"wp","href":"https:\/\/api.w.org\/{rel}","templated":true}]}}