{"id":1801,"date":"2024-10-13T17:12:07","date_gmt":"2024-10-13T15:12:07","guid":{"rendered":"https:\/\/www.lycee-elisalemonnier.fr\/site\/?p=1801"},"modified":"2024-10-13T17:13:19","modified_gmt":"2024-10-13T15:13:19","slug":"nos-eleves-a-paris-big2024","status":"publish","type":"post","link":"https:\/\/www.lycee-elisalemonnier.fr\/site\/2024\/10\/13\/nos-eleves-a-paris-big2024\/","title":{"rendered":"Nos \u00e9l\u00e8ves \u00e0 l&rsquo;Accor Arena de Paris pour \u00ab\u00a0BIG2024\u00a0\u00bb"},"content":{"rendered":"\n<p>Le 10 octobre dernier, les \u00e9l\u00e8ves de Seconde Bac Pro TNE2 et de Premi\u00e8re Bac Pro TRPM, accompagn\u00e9s par Mme Denain, M Poignant, M Belmant et M Vullo ont eu l&rsquo;opportunit\u00e9 de participer \u00e0 l&rsquo;\u00e9v\u00e9nement BIG2024 (BPI France)\u00a0\u00e0 Paris, une journ\u00e9e riche en d\u00e9couvertes.<\/p>\n\n\n\n<p>Organis\u00e9 par Bpifrance, cet \u00e9v\u00e9nement est l&rsquo;un des plus grands rassemblements d&rsquo;entrepreneurs et d&rsquo;innovateurs en Europe. Au programme : conf\u00e9rences, ateliers interactifs, et d\u00e9monstrations des derni\u00e8res avanc\u00e9es technologiques et industrielles. Les \u00e9l\u00e8ves ont pu \u00e9changer avec des professionnels passionn\u00e9s (Merci les 100 000 entrepreneurs), assister \u00e0 des pr\u00e9sentations sur des sujets vari\u00e9s tels que l&rsquo;intelligence artificielle, la transition \u00e9cologique dans les entreprises, la posture professionnelle, les softskills, &#8230;<\/p>\n\n\n\n<p><\/p>\n\n\n\n<figure class=\"wp-block-gallery has-nested-images columns-default is-cropped wp-block-gallery-1 is-layout-flex wp-block-gallery-is-layout-flex\">\n<figure class=\"wp-block-image size-large\"><img fetchpriority=\"high\" decoding=\"async\" width=\"1024\" height=\"768\" data-id=\"1806\" src=\"https:\/\/www.lycee-elisalemonnier.fr\/site\/wp-content\/uploads\/2024\/10\/20241010_133537-1024x768.jpg\" alt=\"\" class=\"wp-image-1806\" srcset=\"https:\/\/www.lycee-elisalemonnier.fr\/site\/wp-content\/uploads\/2024\/10\/20241010_133537-1024x768.jpg 1024w, https:\/\/www.lycee-elisalemonnier.fr\/site\/wp-content\/uploads\/2024\/10\/20241010_133537-300x225.jpg 300w, https:\/\/www.lycee-elisalemonnier.fr\/site\/wp-content\/uploads\/2024\/10\/20241010_133537-768x576.jpg 768w, https:\/\/www.lycee-elisalemonnier.fr\/site\/wp-content\/uploads\/2024\/10\/20241010_133537-1536x1152.jpg 1536w, https:\/\/www.lycee-elisalemonnier.fr\/site\/wp-content\/uploads\/2024\/10\/20241010_133537-2048x1536.jpg 2048w\" sizes=\"(max-width: 1024px) 100vw, 1024px\" \/><\/figure>\n\n\n\n<figure class=\"wp-block-image size-large\"><img decoding=\"async\" width=\"768\" height=\"1024\" data-id=\"1807\" src=\"https:\/\/www.lycee-elisalemonnier.fr\/site\/wp-content\/uploads\/2024\/10\/20241010_133555-EDIT-768x1024.jpg\" alt=\"\" class=\"wp-image-1807\" srcset=\"https:\/\/www.lycee-elisalemonnier.fr\/site\/wp-content\/uploads\/2024\/10\/20241010_133555-EDIT-768x1024.jpg 768w, https:\/\/www.lycee-elisalemonnier.fr\/site\/wp-content\/uploads\/2024\/10\/20241010_133555-EDIT-225x300.jpg 225w, https:\/\/www.lycee-elisalemonnier.fr\/site\/wp-content\/uploads\/2024\/10\/20241010_133555-EDIT-1152x1536.jpg 1152w, https:\/\/www.lycee-elisalemonnier.fr\/site\/wp-content\/uploads\/2024\/10\/20241010_133555-EDIT-1536x2048.jpg 1536w, https:\/\/www.lycee-elisalemonnier.fr\/site\/wp-content\/uploads\/2024\/10\/20241010_133555-EDIT-scaled.jpg 1920w\" sizes=\"(max-width: 768px) 100vw, 768px\" \/><\/figure>\n\n\n\n<figure class=\"wp-block-image size-large\"><img decoding=\"async\" width=\"768\" height=\"1024\" data-id=\"1805\" src=\"https:\/\/www.lycee-elisalemonnier.fr\/site\/wp-content\/uploads\/2024\/10\/20241010_133604-EDIT-768x1024.jpg\" alt=\"\" class=\"wp-image-1805\" srcset=\"https:\/\/www.lycee-elisalemonnier.fr\/site\/wp-content\/uploads\/2024\/10\/20241010_133604-EDIT-768x1024.jpg 768w, https:\/\/www.lycee-elisalemonnier.fr\/site\/wp-content\/uploads\/2024\/10\/20241010_133604-EDIT-225x300.jpg 225w, https:\/\/www.lycee-elisalemonnier.fr\/site\/wp-content\/uploads\/2024\/10\/20241010_133604-EDIT-1152x1536.jpg 1152w, https:\/\/www.lycee-elisalemonnier.fr\/site\/wp-content\/uploads\/2024\/10\/20241010_133604-EDIT-1536x2048.jpg 1536w, https:\/\/www.lycee-elisalemonnier.fr\/site\/wp-content\/uploads\/2024\/10\/20241010_133604-EDIT-scaled.jpg 1920w\" sizes=\"(max-width: 768px) 100vw, 768px\" \/><\/figure>\n\n\n\n<figure class=\"wp-block-image size-large\"><img loading=\"lazy\" decoding=\"async\" width=\"768\" height=\"1024\" data-id=\"1808\" src=\"https:\/\/www.lycee-elisalemonnier.fr\/site\/wp-content\/uploads\/2024\/10\/20241010_133618-EDIT-768x1024.jpg\" alt=\"\" class=\"wp-image-1808\" srcset=\"https:\/\/www.lycee-elisalemonnier.fr\/site\/wp-content\/uploads\/2024\/10\/20241010_133618-EDIT-768x1024.jpg 768w, https:\/\/www.lycee-elisalemonnier.fr\/site\/wp-content\/uploads\/2024\/10\/20241010_133618-EDIT-225x300.jpg 225w, https:\/\/www.lycee-elisalemonnier.fr\/site\/wp-content\/uploads\/2024\/10\/20241010_133618-EDIT-1152x1536.jpg 1152w, https:\/\/www.lycee-elisalemonnier.fr\/site\/wp-content\/uploads\/2024\/10\/20241010_133618-EDIT-1536x2048.jpg 1536w, https:\/\/www.lycee-elisalemonnier.fr\/site\/wp-content\/uploads\/2024\/10\/20241010_133618-EDIT-scaled.jpg 1920w\" sizes=\"(max-width: 768px) 100vw, 768px\" \/><\/figure>\n\n\n\n<figure class=\"wp-block-image size-large\"><img loading=\"lazy\" decoding=\"async\" width=\"1024\" height=\"768\" data-id=\"1809\" src=\"https:\/\/www.lycee-elisalemonnier.fr\/site\/wp-content\/uploads\/2024\/10\/20241010_153732-1024x768.jpg\" alt=\"\" class=\"wp-image-1809\" srcset=\"https:\/\/www.lycee-elisalemonnier.fr\/site\/wp-content\/uploads\/2024\/10\/20241010_153732-1024x768.jpg 1024w, https:\/\/www.lycee-elisalemonnier.fr\/site\/wp-content\/uploads\/2024\/10\/20241010_153732-300x225.jpg 300w, https:\/\/www.lycee-elisalemonnier.fr\/site\/wp-content\/uploads\/2024\/10\/20241010_153732-768x576.jpg 768w, https:\/\/www.lycee-elisalemonnier.fr\/site\/wp-content\/uploads\/2024\/10\/20241010_153732-1536x1152.jpg 1536w, https:\/\/www.lycee-elisalemonnier.fr\/site\/wp-content\/uploads\/2024\/10\/20241010_153732-2048x1536.jpg 2048w\" sizes=\"(max-width: 1024px) 100vw, 1024px\" \/><\/figure>\n<\/figure>\n\n\n\n<p>Cette immersion dans le monde de l&rsquo;innovation a permis \u00e0 nos jeunes de d\u00e9couvrir des m\u00e9tiers et des secteurs en pleine transformation. Pour beaucoup, c&rsquo;\u00e9tait aussi l&rsquo;occasion de r\u00e9fl\u00e9chir aux comp\u00e9tences qu&rsquo;ils devront d\u00e9velopper pour s&rsquo;adapter \u00e0 un environnement en constante \u00e9volution.<\/p>\n\n\n\n<p>Cette journ\u00e9e fut une belle r\u00e9ussite, marqu\u00e9e par l&rsquo;enthousiasme et la curiosit\u00e9 des \u00e9l\u00e8ves, qui repartent inspir\u00e9s pour poursuivre leur projet professionnel.<\/p>\n\n\n\n<p>Un grand merci aux organisateurs et aux intervenants de BIG2024 pour cette exp\u00e9rience enrichissante ! Une mention sp\u00e9ciale de remerciement pour les 100 000 entrepreneurs pour avoir permis de r\u00e9aliser cet \u00e9v\u00e9nement motivant.<\/p>\n\n\n\n<p>Pour en savoir plus : <a href=\"https:\/\/pme-eti.fr\/big-2024-bpifrance-fete-le-progres-le-10-octobre\/\">https:\/\/pme-eti.fr\/big-2024-bpifrance-fete-le-progres-le-10-octobre\/<\/a><\/p>\n\n\n\n<p>Pour voir le replay : <a href=\"https:\/\/evenements.bpifrance.fr\/big-2024\/fr\" data-type=\"link\" data-id=\"https:\/\/evenements.bpifrance.fr\/big-2024\/fr\">https:\/\/evenements.bpifrance.fr\/big-2024\/fr<\/a><\/p>\n\n\n\n<p>Article r\u00e9dig\u00e9 par Monsieur Vullo<\/p>\n","protected":false},"excerpt":{"rendered":"<p>Le 10 octobre dernier, les \u00e9l\u00e8ves de Seconde Bac Pro TNE2 et de Premi\u00e8re Bac Pro TRPM, accompagn\u00e9s par Mme Denain, M Poignant, M Belmant et M Vullo ont eu l&rsquo;opportunit\u00e9 de participer \u00e0 l&rsquo;\u00e9v\u00e9nement BIG2024 (BPI France)\u00a0\u00e0 Paris, une journ\u00e9e riche en d\u00e9couvertes. Organis\u00e9 par Bpifrance, cet \u00e9v\u00e9nement est l&rsquo;un des plus grands rassemblements&hellip;&nbsp;<a href=\"https:\/\/www.lycee-elisalemonnier.fr\/site\/2024\/10\/13\/nos-eleves-a-paris-big2024\/\" class=\"\" rel=\"bookmark\">Lire la suite &raquo;<span class=\"screen-reader-text\">Nos \u00e9l\u00e8ves \u00e0 l&rsquo;Accor Arena de Paris pour \u00ab\u00a0BIG2024\u00a0\u00bb<\/span><\/a><\/p>\n","protected":false},"author":2,"featured_media":1803,"comment_status":"closed","ping_status":"open","sticky":false,"template":"","format":"standard","meta":{"neve_meta_sidebar":"","neve_meta_container":"","neve_meta_enable_content_width":"","neve_meta_content_width":0,"neve_meta_title_alignment":"","neve_meta_author_avatar":"","neve_post_elements_order":"","neve_meta_disable_header":"","neve_meta_disable_footer":"","neve_meta_disable_title":"","footnotes":""},"categories":[1],"tags":[],"class_list":["post-1801","post","type-post","status-publish","format-standard","has-post-thumbnail","hentry","category-non-classe"],"_links":{"self":[{"href":"https:\/\/www.lycee-elisalemonnier.fr\/site\/wp-json\/wp\/v2\/posts\/1801","targetHints":{"allow":["GET"]}}],"collection":[{"href":"https:\/\/www.lycee-elisalemonnier.fr\/site\/wp-json\/wp\/v2\/posts"}],"about":[{"href":"https:\/\/www.lycee-elisalemonnier.fr\/site\/wp-json\/wp\/v2\/types\/post"}],"author":[{"embeddable":true,"href":"https:\/\/www.lycee-elisalemonnier.fr\/site\/wp-json\/wp\/v2\/users\/2"}],"replies":[{"embeddable":true,"href":"https:\/\/www.lycee-elisalemonnier.fr\/site\/wp-json\/wp\/v2\/comments?post=1801"}],"version-history":[{"count":5,"href":"https:\/\/www.lycee-elisalemonnier.fr\/site\/wp-json\/wp\/v2\/posts\/1801\/revisions"}],"predecessor-version":[{"id":1812,"href":"https:\/\/www.lycee-elisalemonnier.fr\/site\/wp-json\/wp\/v2\/posts\/1801\/revisions\/1812"}],"wp:featuredmedia":[{"embeddable":true,"href":"https:\/\/www.lycee-elisalemonnier.fr\/site\/wp-json\/wp\/v2\/media\/1803"}],"wp:attachment":[{"href":"https:\/\/www.lycee-elisalemonnier.fr\/site\/wp-json\/wp\/v2\/media?parent=1801"}],"wp:term":[{"taxonomy":"category","embeddable":true,"href":"https:\/\/www.lycee-elisalemonnier.fr\/site\/wp-json\/wp\/v2\/categories?post=1801"},{"taxonomy":"post_tag","embeddable":true,"href":"https:\/\/www.lycee-elisalemonnier.fr\/site\/wp-json\/wp\/v2\/tags?post=1801"}],"curies":[{"name":"wp","href":"https:\/\/api.w.org\/{rel}","templated":true}]}}