{"id":2004,"date":"2025-01-02T12:05:26","date_gmt":"2025-01-02T11:05:26","guid":{"rendered":"https:\/\/www.lycee-elisalemonnier.fr\/site\/?p=2004"},"modified":"2025-01-02T12:12:33","modified_gmt":"2025-01-02T11:12:33","slug":"encore-un-bel-exemple-de-solidarite-a-larrivee-des-fetes","status":"publish","type":"post","link":"https:\/\/www.lycee-elisalemonnier.fr\/site\/2025\/01\/02\/encore-un-bel-exemple-de-solidarite-a-larrivee-des-fetes\/","title":{"rendered":"Encore un bel exemple de solidarit\u00e9 \u00e0 l&rsquo;arriv\u00e9e des f\u00eates.\u00a0"},"content":{"rendered":"\n<p>Comme l&rsquo;ann\u00e9e derni\u00e8re, l&rsquo;association \u00ab\u00a0Nos petits enfants courage\u00a0\u00bb s&rsquo;est rendue dans notre \u00e9tablissement afin de r\u00e9ceptionner tous les jouets achet\u00e9s gr\u00e2ce \u00e0 la vente de cases.<\/p>\n\n\n\n<figure class=\"wp-block-image size-large\"><img fetchpriority=\"high\" decoding=\"async\" width=\"1024\" height=\"768\" src=\"https:\/\/www.lycee-elisalemonnier.fr\/site\/wp-content\/uploads\/2025\/01\/WhatsApp-Image-2025-01-02-a-09.16.38_0c3f008a-1024x768.jpg\" alt=\"\" class=\"wp-image-2005\" srcset=\"https:\/\/www.lycee-elisalemonnier.fr\/site\/wp-content\/uploads\/2025\/01\/WhatsApp-Image-2025-01-02-a-09.16.38_0c3f008a-1024x768.jpg 1024w, https:\/\/www.lycee-elisalemonnier.fr\/site\/wp-content\/uploads\/2025\/01\/WhatsApp-Image-2025-01-02-a-09.16.38_0c3f008a-300x225.jpg 300w, https:\/\/www.lycee-elisalemonnier.fr\/site\/wp-content\/uploads\/2025\/01\/WhatsApp-Image-2025-01-02-a-09.16.38_0c3f008a-768x576.jpg 768w, https:\/\/www.lycee-elisalemonnier.fr\/site\/wp-content\/uploads\/2025\/01\/WhatsApp-Image-2025-01-02-a-09.16.38_0c3f008a-1536x1152.jpg 1536w, https:\/\/www.lycee-elisalemonnier.fr\/site\/wp-content\/uploads\/2025\/01\/WhatsApp-Image-2025-01-02-a-09.16.38_0c3f008a.jpg 2048w\" sizes=\"(max-width: 1024px) 100vw, 1024px\" \/><\/figure>\n\n\n\n<p><\/p>\n\n\n\n<p>L&rsquo;association <strong>Enfants Courage<\/strong> a organis\u00e9 une belle action de solidarit\u00e9 pour No\u00ebl, en collaboration avec les \u00e9l\u00e8ves de TMA, TMCVA2 et 2MRC3 du Lyc\u00e9e Elisa Lemonnier de Douai. Gr\u00e2ce \u00e0 l&rsquo;implication des \u00e9l\u00e8ves et de leurs professeurs, Mme Giovannini et Mme Wiart,  une collecte de jouets a \u00e9t\u00e9 r\u00e9alis\u00e9e afin de faire sourire des enfants malades ou en difficult\u00e9 pendant les f\u00eates de fin d&rsquo;ann\u00e9e.<\/p>\n\n\n\n<p>\u00ab\u00a0Nous avons donc achet\u00e9 des jouets et pay\u00e9 les boites de L\u00e9onidas offertes \u00e0 chaque gagnant du tirage au sort des grilles.\u00a0\u00bb<\/p>\n\n\n\n<figure class=\"wp-block-gallery has-nested-images columns-default is-cropped wp-block-gallery-1 is-layout-flex wp-block-gallery-is-layout-flex\">\n<figure class=\"wp-block-image size-large\"><img decoding=\"async\" width=\"768\" height=\"1024\" data-id=\"2006\" src=\"https:\/\/www.lycee-elisalemonnier.fr\/site\/wp-content\/uploads\/2025\/01\/WhatsApp-Image-2024-12-30-a-09.50.11_275f57f4-768x1024.jpg\" alt=\"\" class=\"wp-image-2006\" srcset=\"https:\/\/www.lycee-elisalemonnier.fr\/site\/wp-content\/uploads\/2025\/01\/WhatsApp-Image-2024-12-30-a-09.50.11_275f57f4-768x1024.jpg 768w, https:\/\/www.lycee-elisalemonnier.fr\/site\/wp-content\/uploads\/2025\/01\/WhatsApp-Image-2024-12-30-a-09.50.11_275f57f4-225x300.jpg 225w, https:\/\/www.lycee-elisalemonnier.fr\/site\/wp-content\/uploads\/2025\/01\/WhatsApp-Image-2024-12-30-a-09.50.11_275f57f4-1152x1536.jpg 1152w, https:\/\/www.lycee-elisalemonnier.fr\/site\/wp-content\/uploads\/2025\/01\/WhatsApp-Image-2024-12-30-a-09.50.11_275f57f4.jpg 1200w\" sizes=\"(max-width: 768px) 100vw, 768px\" \/><\/figure>\n\n\n\n<figure class=\"wp-block-image size-large\"><img decoding=\"async\" width=\"768\" height=\"1024\" data-id=\"2007\" src=\"https:\/\/www.lycee-elisalemonnier.fr\/site\/wp-content\/uploads\/2025\/01\/WhatsApp-Image-2024-12-30-a-09.50.11_2972038a-768x1024.jpg\" alt=\"\" class=\"wp-image-2007\" srcset=\"https:\/\/www.lycee-elisalemonnier.fr\/site\/wp-content\/uploads\/2025\/01\/WhatsApp-Image-2024-12-30-a-09.50.11_2972038a-768x1024.jpg 768w, https:\/\/www.lycee-elisalemonnier.fr\/site\/wp-content\/uploads\/2025\/01\/WhatsApp-Image-2024-12-30-a-09.50.11_2972038a-225x300.jpg 225w, https:\/\/www.lycee-elisalemonnier.fr\/site\/wp-content\/uploads\/2025\/01\/WhatsApp-Image-2024-12-30-a-09.50.11_2972038a-1152x1536.jpg 1152w, https:\/\/www.lycee-elisalemonnier.fr\/site\/wp-content\/uploads\/2025\/01\/WhatsApp-Image-2024-12-30-a-09.50.11_2972038a.jpg 1200w\" sizes=\"(max-width: 768px) 100vw, 768px\" \/><\/figure>\n\n\n\n<figure class=\"wp-block-image size-large\"><img loading=\"lazy\" decoding=\"async\" width=\"768\" height=\"1024\" data-id=\"2008\" src=\"https:\/\/www.lycee-elisalemonnier.fr\/site\/wp-content\/uploads\/2025\/01\/WhatsApp-Image-2025-01-02-a-09.16.38_01a17ccd-768x1024.jpg\" alt=\"\" class=\"wp-image-2008\" srcset=\"https:\/\/www.lycee-elisalemonnier.fr\/site\/wp-content\/uploads\/2025\/01\/WhatsApp-Image-2025-01-02-a-09.16.38_01a17ccd-768x1024.jpg 768w, https:\/\/www.lycee-elisalemonnier.fr\/site\/wp-content\/uploads\/2025\/01\/WhatsApp-Image-2025-01-02-a-09.16.38_01a17ccd-225x300.jpg 225w, https:\/\/www.lycee-elisalemonnier.fr\/site\/wp-content\/uploads\/2025\/01\/WhatsApp-Image-2025-01-02-a-09.16.38_01a17ccd-1152x1536.jpg 1152w, https:\/\/www.lycee-elisalemonnier.fr\/site\/wp-content\/uploads\/2025\/01\/WhatsApp-Image-2025-01-02-a-09.16.38_01a17ccd.jpg 1536w\" sizes=\"(max-width: 768px) 100vw, 768px\" \/><\/figure>\n<\/figure>\n\n\n\n<p><\/p>\n\n\n\n<p>Les \u00e9l\u00e8ves du LPO Elisa Lemonnier ont montr\u00e9 un bel esprit de solidarit\u00e9 en se mobilisant pour cette cause noble. Ils ont collect\u00e9 des jouets neufs, qui ont ensuite \u00e9t\u00e9 distribu\u00e9s aux enfants soutenus par l&rsquo;association. Ces cadeaux ont permis de redonner de la joie et un peu de l\u00e9g\u00e8ret\u00e9 \u00e0 ces jeunes confront\u00e9s \u00e0 des probl\u00e8me de sant\u00e9.<\/p>\n\n\n\n<p>Cette initiative a non seulement permis d&rsquo;offrir des moments de bonheur \u00e0 des enfants, mais aussi d&rsquo;illustrer l&rsquo;engagement des jeunes dans des actions solidaires et leur volont\u00e9 de soutenir leurs pairs, m\u00eame dans les moments les plus difficiles. La remise des jouets a \u00e9t\u00e9 un moment de partage et de convivialit\u00e9, renfor\u00e7ant les liens entre la communaut\u00e9 \u00e9ducative et l&rsquo;association <strong>Enfants Courage<\/strong>.<\/p>\n\n\n\n<figure class=\"wp-block-gallery has-nested-images columns-default is-cropped wp-block-gallery-2 is-layout-flex wp-block-gallery-is-layout-flex\">\n<figure class=\"wp-block-image size-large\"><img loading=\"lazy\" decoding=\"async\" width=\"768\" height=\"1024\" data-id=\"2010\" src=\"https:\/\/www.lycee-elisalemonnier.fr\/site\/wp-content\/uploads\/2025\/01\/WhatsApp-Image-2025-01-02-a-09.16.38_2a88c41d-768x1024.jpg\" alt=\"\" class=\"wp-image-2010\" srcset=\"https:\/\/www.lycee-elisalemonnier.fr\/site\/wp-content\/uploads\/2025\/01\/WhatsApp-Image-2025-01-02-a-09.16.38_2a88c41d-768x1024.jpg 768w, https:\/\/www.lycee-elisalemonnier.fr\/site\/wp-content\/uploads\/2025\/01\/WhatsApp-Image-2025-01-02-a-09.16.38_2a88c41d-225x300.jpg 225w, https:\/\/www.lycee-elisalemonnier.fr\/site\/wp-content\/uploads\/2025\/01\/WhatsApp-Image-2025-01-02-a-09.16.38_2a88c41d-1152x1536.jpg 1152w, https:\/\/www.lycee-elisalemonnier.fr\/site\/wp-content\/uploads\/2025\/01\/WhatsApp-Image-2025-01-02-a-09.16.38_2a88c41d.jpg 1536w\" sizes=\"(max-width: 768px) 100vw, 768px\" \/><\/figure>\n\n\n\n<figure class=\"wp-block-image size-large\"><img loading=\"lazy\" decoding=\"async\" width=\"768\" height=\"1024\" data-id=\"2011\" src=\"https:\/\/www.lycee-elisalemonnier.fr\/site\/wp-content\/uploads\/2025\/01\/WhatsApp-Image-2025-01-02-a-09.16.38_dcb19709-768x1024.jpg\" alt=\"\" class=\"wp-image-2011\" srcset=\"https:\/\/www.lycee-elisalemonnier.fr\/site\/wp-content\/uploads\/2025\/01\/WhatsApp-Image-2025-01-02-a-09.16.38_dcb19709-768x1024.jpg 768w, https:\/\/www.lycee-elisalemonnier.fr\/site\/wp-content\/uploads\/2025\/01\/WhatsApp-Image-2025-01-02-a-09.16.38_dcb19709-225x300.jpg 225w, https:\/\/www.lycee-elisalemonnier.fr\/site\/wp-content\/uploads\/2025\/01\/WhatsApp-Image-2025-01-02-a-09.16.38_dcb19709-1152x1536.jpg 1152w, https:\/\/www.lycee-elisalemonnier.fr\/site\/wp-content\/uploads\/2025\/01\/WhatsApp-Image-2025-01-02-a-09.16.38_dcb19709.jpg 1536w\" sizes=\"(max-width: 768px) 100vw, 768px\" \/><\/figure>\n\n\n\n<figure class=\"wp-block-image size-large\"><img loading=\"lazy\" decoding=\"async\" width=\"1024\" height=\"768\" data-id=\"2009\" src=\"https:\/\/www.lycee-elisalemonnier.fr\/site\/wp-content\/uploads\/2025\/01\/WhatsApp-Image-2025-01-02-a-09.16.39_f2f713cd-1024x768.jpg\" alt=\"\" class=\"wp-image-2009\" srcset=\"https:\/\/www.lycee-elisalemonnier.fr\/site\/wp-content\/uploads\/2025\/01\/WhatsApp-Image-2025-01-02-a-09.16.39_f2f713cd-1024x768.jpg 1024w, https:\/\/www.lycee-elisalemonnier.fr\/site\/wp-content\/uploads\/2025\/01\/WhatsApp-Image-2025-01-02-a-09.16.39_f2f713cd-300x225.jpg 300w, https:\/\/www.lycee-elisalemonnier.fr\/site\/wp-content\/uploads\/2025\/01\/WhatsApp-Image-2025-01-02-a-09.16.39_f2f713cd-768x576.jpg 768w, https:\/\/www.lycee-elisalemonnier.fr\/site\/wp-content\/uploads\/2025\/01\/WhatsApp-Image-2025-01-02-a-09.16.39_f2f713cd-1536x1152.jpg 1536w, https:\/\/www.lycee-elisalemonnier.fr\/site\/wp-content\/uploads\/2025\/01\/WhatsApp-Image-2025-01-02-a-09.16.39_f2f713cd.jpg 2048w\" sizes=\"(max-width: 1024px) 100vw, 1024px\" \/><\/figure>\n<\/figure>\n\n\n\n<p><\/p>\n\n\n\n<p>En r\u00e9sum\u00e9, cette action de No\u00ebl a \u00e9t\u00e9 un v\u00e9ritable succ\u00e8s gr\u00e2ce \u00e0 l&rsquo;implication des \u00e9l\u00e8ves du LPO Elisa Lemonnier de Douai et \u00e0 leur d\u00e9sir de rendre ces f\u00eates plus lumineuses pour les enfants en situation difficile. Un grand merci \u00e0 tous les coll\u00e8gues du LPO d\u2019avoir achet\u00e9 des cases de tombola.<\/p>\n\n\n\n<p>Pour consulter l&rsquo;article de la vdn : <a href=\"https:\/\/www.lavoixdunord.fr\/1534279\/article\/2024-12-16\/au-lycee-elisa-lemonnier-de-douai-les-eleves-solidaires-des-enfants-hospitalises\" data-type=\"link\" data-id=\"https:\/\/www.lavoixdunord.fr\/1534279\/article\/2024-12-16\/au-lycee-elisa-lemonnier-de-douai-les-eleves-solidaires-des-enfants-hospitalises\">https:\/\/www.lavoixdunord.fr\/1534279\/article\/2024-12-16\/au-lycee-elisa-lemonnier-de-douai-les-eleves-solidaires-des-enfants-hospitalises<\/a><\/p>\n\n\n\n<p>\u200b<\/p>\n","protected":false},"excerpt":{"rendered":"<p>Comme l&rsquo;ann\u00e9e derni\u00e8re, l&rsquo;association \u00ab\u00a0Nos petits enfants courage\u00a0\u00bb s&rsquo;est rendue dans notre \u00e9tablissement afin de r\u00e9ceptionner tous les jouets achet\u00e9s gr\u00e2ce \u00e0 la vente de cases. L&rsquo;association Enfants Courage a organis\u00e9 une belle action de solidarit\u00e9 pour No\u00ebl, en collaboration avec les \u00e9l\u00e8ves de TMA, TMCVA2 et 2MRC3 du Lyc\u00e9e Elisa Lemonnier de Douai. Gr\u00e2ce&hellip;&nbsp;<a href=\"https:\/\/www.lycee-elisalemonnier.fr\/site\/2025\/01\/02\/encore-un-bel-exemple-de-solidarite-a-larrivee-des-fetes\/\" class=\"\" rel=\"bookmark\">Lire la suite &raquo;<span class=\"screen-reader-text\">Encore un bel exemple de solidarit\u00e9 \u00e0 l&rsquo;arriv\u00e9e des f\u00eates.\u00a0<\/span><\/a><\/p>\n","protected":false},"author":2,"featured_media":2015,"comment_status":"closed","ping_status":"open","sticky":false,"template":"","format":"standard","meta":{"neve_meta_sidebar":"","neve_meta_container":"","neve_meta_enable_content_width":"","neve_meta_content_width":0,"neve_meta_title_alignment":"","neve_meta_author_avatar":"","neve_post_elements_order":"","neve_meta_disable_header":"","neve_meta_disable_footer":"","neve_meta_disable_title":"","footnotes":""},"categories":[1],"tags":[],"class_list":["post-2004","post","type-post","status-publish","format-standard","has-post-thumbnail","hentry","category-non-classe"],"_links":{"self":[{"href":"https:\/\/www.lycee-elisalemonnier.fr\/site\/wp-json\/wp\/v2\/posts\/2004","targetHints":{"allow":["GET"]}}],"collection":[{"href":"https:\/\/www.lycee-elisalemonnier.fr\/site\/wp-json\/wp\/v2\/posts"}],"about":[{"href":"https:\/\/www.lycee-elisalemonnier.fr\/site\/wp-json\/wp\/v2\/types\/post"}],"author":[{"embeddable":true,"href":"https:\/\/www.lycee-elisalemonnier.fr\/site\/wp-json\/wp\/v2\/users\/2"}],"replies":[{"embeddable":true,"href":"https:\/\/www.lycee-elisalemonnier.fr\/site\/wp-json\/wp\/v2\/comments?post=2004"}],"version-history":[{"count":3,"href":"https:\/\/www.lycee-elisalemonnier.fr\/site\/wp-json\/wp\/v2\/posts\/2004\/revisions"}],"predecessor-version":[{"id":2014,"href":"https:\/\/www.lycee-elisalemonnier.fr\/site\/wp-json\/wp\/v2\/posts\/2004\/revisions\/2014"}],"wp:featuredmedia":[{"embeddable":true,"href":"https:\/\/www.lycee-elisalemonnier.fr\/site\/wp-json\/wp\/v2\/media\/2015"}],"wp:attachment":[{"href":"https:\/\/www.lycee-elisalemonnier.fr\/site\/wp-json\/wp\/v2\/media?parent=2004"}],"wp:term":[{"taxonomy":"category","embeddable":true,"href":"https:\/\/www.lycee-elisalemonnier.fr\/site\/wp-json\/wp\/v2\/categories?post=2004"},{"taxonomy":"post_tag","embeddable":true,"href":"https:\/\/www.lycee-elisalemonnier.fr\/site\/wp-json\/wp\/v2\/tags?post=2004"}],"curies":[{"name":"wp","href":"https:\/\/api.w.org\/{rel}","templated":true}]}}