{"id":2673,"date":"2025-09-23T08:26:27","date_gmt":"2025-09-23T06:26:27","guid":{"rendered":"https:\/\/www.lycee-elisalemonnier.fr\/site\/?p=2673"},"modified":"2025-09-23T08:50:27","modified_gmt":"2025-09-23T06:50:27","slug":"sensibilisation-sur-la-notion-de-consentement","status":"publish","type":"post","link":"https:\/\/www.lycee-elisalemonnier.fr\/site\/2025\/09\/23\/sensibilisation-sur-la-notion-de-consentement\/","title":{"rendered":"Sensibilisation sur la notion de consentement"},"content":{"rendered":"\n<p>Sur le site de Brebi\u00e8res, le vendredi 19 septembre 2025, <strong>tous les \u00e9l\u00e8ves de 1<sup>\u00e8re<\/sup><\/strong>, et quelques \u00e9l\u00e8ves de l\u2019IME faisant partie de la classe externalis\u00e9e au sein du lyc\u00e9e, ont b\u00e9n\u00e9fici\u00e9 d\u2019une intervention de sensibilisation et d\u2019information de la brigade <strong>Protection Famille de la gendarmerie d\u2019Arras<\/strong>.<\/p>\n\n\n\n<p>Les \u00e9l\u00e8ves ont donc appris la <strong>notion de consentement<\/strong>, \u00e0 d\u00e9finir ce qu\u2019est un attouchement et la corruption de mineur, \u00e0 conna\u00eetre les lois entourant ces d\u00e9lits. Cette intervention, centr\u00e9e sur le consentement, a \u00e9t\u00e9 particuli\u00e8rement riche et b\u00e9n\u00e9fique pour les jeunes, leur permettant d\u2019<strong>apprendre \u00e0 se prot\u00e9ger<\/strong>, dans la vie comme sur les r\u00e9seaux sociaux.<\/p>\n\n\n\n<p>Le but&nbsp;: <strong>pr\u00e9venir les violences<\/strong> en sensibilisant les \u00e9l\u00e8ves et en r\u00e9pondant \u00e0 leurs questions.<\/p>\n\n\n\n<figure class=\"wp-block-gallery has-nested-images columns-default is-cropped wp-block-gallery-1 is-layout-flex wp-block-gallery-is-layout-flex\">\n<figure class=\"wp-block-image size-large\"><img fetchpriority=\"high\" decoding=\"async\" width=\"577\" height=\"1024\" data-id=\"2677\" src=\"https:\/\/www.lycee-elisalemonnier.fr\/site\/wp-content\/uploads\/2025\/09\/article-MPF1-577x1024.jpg\" alt=\"Intervention de la brigade Protection Famille de la gendarmerie d\u2019Arras\" class=\"wp-image-2677\" srcset=\"https:\/\/www.lycee-elisalemonnier.fr\/site\/wp-content\/uploads\/2025\/09\/article-MPF1-577x1024.jpg 577w, https:\/\/www.lycee-elisalemonnier.fr\/site\/wp-content\/uploads\/2025\/09\/article-MPF1-169x300.jpg 169w, https:\/\/www.lycee-elisalemonnier.fr\/site\/wp-content\/uploads\/2025\/09\/article-MPF1-768x1364.jpg 768w, https:\/\/www.lycee-elisalemonnier.fr\/site\/wp-content\/uploads\/2025\/09\/article-MPF1-865x1536.jpg 865w, https:\/\/www.lycee-elisalemonnier.fr\/site\/wp-content\/uploads\/2025\/09\/article-MPF1-1153x2048.jpg 1153w, https:\/\/www.lycee-elisalemonnier.fr\/site\/wp-content\/uploads\/2025\/09\/article-MPF1.jpg 1156w\" sizes=\"(max-width: 577px) 100vw, 577px\" \/><\/figure>\n\n\n\n<figure class=\"wp-block-image size-large\"><img decoding=\"async\" width=\"577\" height=\"1024\" data-id=\"2679\" src=\"https:\/\/www.lycee-elisalemonnier.fr\/site\/wp-content\/uploads\/2025\/09\/article-MPF2-577x1024.jpg\" alt=\"Intervention de la brigade Protection Famille de la gendarmerie d\u2019Arras\" class=\"wp-image-2679\" srcset=\"https:\/\/www.lycee-elisalemonnier.fr\/site\/wp-content\/uploads\/2025\/09\/article-MPF2-577x1024.jpg 577w, https:\/\/www.lycee-elisalemonnier.fr\/site\/wp-content\/uploads\/2025\/09\/article-MPF2-169x300.jpg 169w, https:\/\/www.lycee-elisalemonnier.fr\/site\/wp-content\/uploads\/2025\/09\/article-MPF2-768x1364.jpg 768w, https:\/\/www.lycee-elisalemonnier.fr\/site\/wp-content\/uploads\/2025\/09\/article-MPF2-865x1536.jpg 865w, https:\/\/www.lycee-elisalemonnier.fr\/site\/wp-content\/uploads\/2025\/09\/article-MPF2-1153x2048.jpg 1153w, https:\/\/www.lycee-elisalemonnier.fr\/site\/wp-content\/uploads\/2025\/09\/article-MPF2.jpg 1156w\" sizes=\"(max-width: 577px) 100vw, 577px\" \/><\/figure>\n\n\n\n<figure class=\"wp-block-image size-large\"><img decoding=\"async\" width=\"576\" height=\"1024\" data-id=\"2688\" src=\"https:\/\/www.lycee-elisalemonnier.fr\/site\/wp-content\/uploads\/2025\/09\/article-MPF4-576x1024.jpg\" alt=\"Intervention de la brigade Protection Famille de la gendarmerie d\u2019Arras\" class=\"wp-image-2688\" srcset=\"https:\/\/www.lycee-elisalemonnier.fr\/site\/wp-content\/uploads\/2025\/09\/article-MPF4-576x1024.jpg 576w, https:\/\/www.lycee-elisalemonnier.fr\/site\/wp-content\/uploads\/2025\/09\/article-MPF4-169x300.jpg 169w, https:\/\/www.lycee-elisalemonnier.fr\/site\/wp-content\/uploads\/2025\/09\/article-MPF4-768x1366.jpg 768w, https:\/\/www.lycee-elisalemonnier.fr\/site\/wp-content\/uploads\/2025\/09\/article-MPF4.jpg 816w\" sizes=\"(max-width: 576px) 100vw, 576px\" \/><\/figure>\n<\/figure>\n\n\n\n<figure class=\"wp-block-gallery has-nested-images columns-default is-cropped wp-block-gallery-2 is-layout-flex wp-block-gallery-is-layout-flex\">\n<figure class=\"wp-block-image size-large\"><img loading=\"lazy\" decoding=\"async\" width=\"1024\" height=\"576\" data-id=\"2685\" src=\"https:\/\/www.lycee-elisalemonnier.fr\/site\/wp-content\/uploads\/2025\/09\/article-MPF3-1-1024x576.jpg\" alt=\"Intervention de la brigade Protection Famille de la gendarmerie d\u2019Arras\" class=\"wp-image-2685\" srcset=\"https:\/\/www.lycee-elisalemonnier.fr\/site\/wp-content\/uploads\/2025\/09\/article-MPF3-1-1024x576.jpg 1024w, https:\/\/www.lycee-elisalemonnier.fr\/site\/wp-content\/uploads\/2025\/09\/article-MPF3-1-300x169.jpg 300w, https:\/\/www.lycee-elisalemonnier.fr\/site\/wp-content\/uploads\/2025\/09\/article-MPF3-1-768x432.jpg 768w, https:\/\/www.lycee-elisalemonnier.fr\/site\/wp-content\/uploads\/2025\/09\/article-MPF3-1-1536x864.jpg 1536w, https:\/\/www.lycee-elisalemonnier.fr\/site\/wp-content\/uploads\/2025\/09\/article-MPF3-1.jpg 1632w\" sizes=\"(max-width: 1024px) 100vw, 1024px\" \/><\/figure>\n<\/figure>\n","protected":false},"excerpt":{"rendered":"<p>Sur le site de Brebi\u00e8res, le vendredi 19 septembre 2025, tous les \u00e9l\u00e8ves de 1\u00e8re, et quelques \u00e9l\u00e8ves de l\u2019IME faisant partie de la classe externalis\u00e9e au sein du lyc\u00e9e, ont b\u00e9n\u00e9fici\u00e9 d\u2019une intervention de sensibilisation et d\u2019information de la brigade Protection Famille de la gendarmerie d\u2019Arras. Les \u00e9l\u00e8ves ont donc appris la notion de&hellip;&nbsp;<a href=\"https:\/\/www.lycee-elisalemonnier.fr\/site\/2025\/09\/23\/sensibilisation-sur-la-notion-de-consentement\/\" class=\"\" rel=\"bookmark\">Lire la suite &raquo;<span class=\"screen-reader-text\">Sensibilisation sur la notion de consentement<\/span><\/a><\/p>\n","protected":false},"author":3,"featured_media":2675,"comment_status":"closed","ping_status":"open","sticky":false,"template":"","format":"standard","meta":{"neve_meta_sidebar":"","neve_meta_container":"","neve_meta_enable_content_width":"","neve_meta_content_width":0,"neve_meta_title_alignment":"","neve_meta_author_avatar":"","neve_post_elements_order":"","neve_meta_disable_header":"","neve_meta_disable_footer":"","neve_meta_disable_title":"","footnotes":""},"categories":[1],"tags":[],"class_list":["post-2673","post","type-post","status-publish","format-standard","has-post-thumbnail","hentry","category-non-classe"],"_links":{"self":[{"href":"https:\/\/www.lycee-elisalemonnier.fr\/site\/wp-json\/wp\/v2\/posts\/2673","targetHints":{"allow":["GET"]}}],"collection":[{"href":"https:\/\/www.lycee-elisalemonnier.fr\/site\/wp-json\/wp\/v2\/posts"}],"about":[{"href":"https:\/\/www.lycee-elisalemonnier.fr\/site\/wp-json\/wp\/v2\/types\/post"}],"author":[{"embeddable":true,"href":"https:\/\/www.lycee-elisalemonnier.fr\/site\/wp-json\/wp\/v2\/users\/3"}],"replies":[{"embeddable":true,"href":"https:\/\/www.lycee-elisalemonnier.fr\/site\/wp-json\/wp\/v2\/comments?post=2673"}],"version-history":[{"count":5,"href":"https:\/\/www.lycee-elisalemonnier.fr\/site\/wp-json\/wp\/v2\/posts\/2673\/revisions"}],"predecessor-version":[{"id":2689,"href":"https:\/\/www.lycee-elisalemonnier.fr\/site\/wp-json\/wp\/v2\/posts\/2673\/revisions\/2689"}],"wp:featuredmedia":[{"embeddable":true,"href":"https:\/\/www.lycee-elisalemonnier.fr\/site\/wp-json\/wp\/v2\/media\/2675"}],"wp:attachment":[{"href":"https:\/\/www.lycee-elisalemonnier.fr\/site\/wp-json\/wp\/v2\/media?parent=2673"}],"wp:term":[{"taxonomy":"category","embeddable":true,"href":"https:\/\/www.lycee-elisalemonnier.fr\/site\/wp-json\/wp\/v2\/categories?post=2673"},{"taxonomy":"post_tag","embeddable":true,"href":"https:\/\/www.lycee-elisalemonnier.fr\/site\/wp-json\/wp\/v2\/tags?post=2673"}],"curies":[{"name":"wp","href":"https:\/\/api.w.org\/{rel}","templated":true}]}}