{"id":2708,"date":"2025-11-13T17:42:46","date_gmt":"2025-11-13T16:42:46","guid":{"rendered":"https:\/\/www.lycee-elisalemonnier.fr\/site\/?p=2708"},"modified":"2025-11-13T17:45:58","modified_gmt":"2025-11-13T16:45:58","slug":"la-grande-lessive-octobre-2025","status":"publish","type":"post","link":"https:\/\/www.lycee-elisalemonnier.fr\/site\/2025\/11\/13\/la-grande-lessive-octobre-2025\/","title":{"rendered":"La grande lessive &#8211; octobre 2025"},"content":{"rendered":"\n<p>Deux fois par an, \u00ab\u00a0la grande lessive\u00a0\u00bb, une installation \u00e9ph\u00e9m\u00e8re de productions artistiques est organis\u00e9e. La derni\u00e8re \u00e9dition date du 16 octobre dernier. La th\u00e9matique \u00e9tait : <strong>nuit et jour, r\u00e9fl\u00e9chir les lumi\u00e8res !<\/strong><\/p>\n\n\n\n<p>A cette occasion, les enseignants d&rsquo;arts appliqu\u00e9s ont demand\u00e9 aux \u00e9l\u00e8ves de seconde bac professionnel et 1\u00e8re ann\u00e9e de CAP de r\u00e9aliser une production. <\/p>\n\n\n\n<p>Les \u0153uvres ont \u00e9t\u00e9 expos\u00e9es au CDI.<\/p>\n\n\n\n<figure class=\"wp-block-gallery has-nested-images columns-default is-cropped wp-block-gallery-1 is-layout-flex wp-block-gallery-is-layout-flex\">\n<figure class=\"wp-block-image size-large\"><img fetchpriority=\"high\" decoding=\"async\" width=\"1024\" height=\"768\" data-id=\"2714\" src=\"https:\/\/www.lycee-elisalemonnier.fr\/site\/wp-content\/uploads\/2025\/11\/20251103_161852-1024x768.jpg\" alt=\"La grande lessive - 16 octobre 2025 - LPO Elisa Lemonnier\" class=\"wp-image-2714\" srcset=\"https:\/\/www.lycee-elisalemonnier.fr\/site\/wp-content\/uploads\/2025\/11\/20251103_161852-1024x768.jpg 1024w, https:\/\/www.lycee-elisalemonnier.fr\/site\/wp-content\/uploads\/2025\/11\/20251103_161852-300x225.jpg 300w, https:\/\/www.lycee-elisalemonnier.fr\/site\/wp-content\/uploads\/2025\/11\/20251103_161852-768x576.jpg 768w, https:\/\/www.lycee-elisalemonnier.fr\/site\/wp-content\/uploads\/2025\/11\/20251103_161852-1536x1152.jpg 1536w, https:\/\/www.lycee-elisalemonnier.fr\/site\/wp-content\/uploads\/2025\/11\/20251103_161852.jpg 2000w\" sizes=\"(max-width: 1024px) 100vw, 1024px\" \/><\/figure>\n\n\n\n<figure class=\"wp-block-image size-large\"><img decoding=\"async\" width=\"1024\" height=\"768\" data-id=\"2712\" src=\"https:\/\/www.lycee-elisalemonnier.fr\/site\/wp-content\/uploads\/2025\/11\/20251103_161835-1024x768.jpg\" alt=\"La grande lessive - 16 octobre 2025 - LPO Elisa Lemonnier\" class=\"wp-image-2712\" srcset=\"https:\/\/www.lycee-elisalemonnier.fr\/site\/wp-content\/uploads\/2025\/11\/20251103_161835-1024x768.jpg 1024w, https:\/\/www.lycee-elisalemonnier.fr\/site\/wp-content\/uploads\/2025\/11\/20251103_161835-300x225.jpg 300w, https:\/\/www.lycee-elisalemonnier.fr\/site\/wp-content\/uploads\/2025\/11\/20251103_161835-768x576.jpg 768w, https:\/\/www.lycee-elisalemonnier.fr\/site\/wp-content\/uploads\/2025\/11\/20251103_161835-1536x1152.jpg 1536w, https:\/\/www.lycee-elisalemonnier.fr\/site\/wp-content\/uploads\/2025\/11\/20251103_161835.jpg 2000w\" sizes=\"(max-width: 1024px) 100vw, 1024px\" \/><\/figure>\n\n\n\n<figure class=\"wp-block-image size-large\"><img decoding=\"async\" width=\"1024\" height=\"768\" data-id=\"2713\" src=\"https:\/\/www.lycee-elisalemonnier.fr\/site\/wp-content\/uploads\/2025\/11\/20251103_161817-1024x768.jpg\" alt=\"La grande lessive - 16 octobre 2025 - LPO Elisa Lemonnier\" class=\"wp-image-2713\" srcset=\"https:\/\/www.lycee-elisalemonnier.fr\/site\/wp-content\/uploads\/2025\/11\/20251103_161817-1024x768.jpg 1024w, https:\/\/www.lycee-elisalemonnier.fr\/site\/wp-content\/uploads\/2025\/11\/20251103_161817-300x225.jpg 300w, https:\/\/www.lycee-elisalemonnier.fr\/site\/wp-content\/uploads\/2025\/11\/20251103_161817-768x576.jpg 768w, https:\/\/www.lycee-elisalemonnier.fr\/site\/wp-content\/uploads\/2025\/11\/20251103_161817-1536x1152.jpg 1536w, https:\/\/www.lycee-elisalemonnier.fr\/site\/wp-content\/uploads\/2025\/11\/20251103_161817.jpg 2000w\" sizes=\"(max-width: 1024px) 100vw, 1024px\" \/><\/figure>\n\n\n\n<figure class=\"wp-block-image size-large\"><img loading=\"lazy\" decoding=\"async\" width=\"1024\" height=\"768\" data-id=\"2715\" src=\"https:\/\/www.lycee-elisalemonnier.fr\/site\/wp-content\/uploads\/2025\/11\/20251103_161807-1024x768.jpg\" alt=\"La grande lessive - 16 octobre 2025 - LPO Elisa Lemonnier\" class=\"wp-image-2715\" srcset=\"https:\/\/www.lycee-elisalemonnier.fr\/site\/wp-content\/uploads\/2025\/11\/20251103_161807-1024x768.jpg 1024w, https:\/\/www.lycee-elisalemonnier.fr\/site\/wp-content\/uploads\/2025\/11\/20251103_161807-300x225.jpg 300w, https:\/\/www.lycee-elisalemonnier.fr\/site\/wp-content\/uploads\/2025\/11\/20251103_161807-768x576.jpg 768w, https:\/\/www.lycee-elisalemonnier.fr\/site\/wp-content\/uploads\/2025\/11\/20251103_161807-1536x1152.jpg 1536w, https:\/\/www.lycee-elisalemonnier.fr\/site\/wp-content\/uploads\/2025\/11\/20251103_161807.jpg 2000w\" sizes=\"(max-width: 1024px) 100vw, 1024px\" \/><\/figure>\n\n\n\n<figure class=\"wp-block-image size-large\"><img loading=\"lazy\" decoding=\"async\" width=\"1024\" height=\"768\" data-id=\"2711\" src=\"https:\/\/www.lycee-elisalemonnier.fr\/site\/wp-content\/uploads\/2025\/11\/20251103_161758-1024x768.jpg\" alt=\"La grande lessive - 16 octobre 2025 - LPO Elisa Lemonnier\" class=\"wp-image-2711\" srcset=\"https:\/\/www.lycee-elisalemonnier.fr\/site\/wp-content\/uploads\/2025\/11\/20251103_161758-1024x768.jpg 1024w, https:\/\/www.lycee-elisalemonnier.fr\/site\/wp-content\/uploads\/2025\/11\/20251103_161758-300x225.jpg 300w, https:\/\/www.lycee-elisalemonnier.fr\/site\/wp-content\/uploads\/2025\/11\/20251103_161758-768x576.jpg 768w, https:\/\/www.lycee-elisalemonnier.fr\/site\/wp-content\/uploads\/2025\/11\/20251103_161758-1536x1152.jpg 1536w, https:\/\/www.lycee-elisalemonnier.fr\/site\/wp-content\/uploads\/2025\/11\/20251103_161758.jpg 2000w\" sizes=\"(max-width: 1024px) 100vw, 1024px\" \/><\/figure>\n\n\n\n<figure class=\"wp-block-image size-large\"><img loading=\"lazy\" decoding=\"async\" width=\"1024\" height=\"768\" data-id=\"2710\" src=\"https:\/\/www.lycee-elisalemonnier.fr\/site\/wp-content\/uploads\/2025\/11\/20251103_161741-1024x768.jpg\" alt=\"La grande lessive - 16 octobre 2025 - LPO Elisa Lemonnier\" class=\"wp-image-2710\" srcset=\"https:\/\/www.lycee-elisalemonnier.fr\/site\/wp-content\/uploads\/2025\/11\/20251103_161741-1024x768.jpg 1024w, https:\/\/www.lycee-elisalemonnier.fr\/site\/wp-content\/uploads\/2025\/11\/20251103_161741-300x225.jpg 300w, https:\/\/www.lycee-elisalemonnier.fr\/site\/wp-content\/uploads\/2025\/11\/20251103_161741-768x576.jpg 768w, https:\/\/www.lycee-elisalemonnier.fr\/site\/wp-content\/uploads\/2025\/11\/20251103_161741-1536x1152.jpg 1536w, https:\/\/www.lycee-elisalemonnier.fr\/site\/wp-content\/uploads\/2025\/11\/20251103_161741.jpg 2000w\" sizes=\"(max-width: 1024px) 100vw, 1024px\" \/><\/figure>\n<\/figure>\n","protected":false},"excerpt":{"rendered":"<p>Deux fois par an, \u00ab\u00a0la grande lessive\u00a0\u00bb, une installation \u00e9ph\u00e9m\u00e8re de productions artistiques est organis\u00e9e. La derni\u00e8re \u00e9dition date du 16 octobre dernier. La th\u00e9matique \u00e9tait : nuit et jour, r\u00e9fl\u00e9chir les lumi\u00e8res ! A cette occasion, les enseignants d&rsquo;arts appliqu\u00e9s ont demand\u00e9 aux \u00e9l\u00e8ves de seconde bac professionnel et 1\u00e8re ann\u00e9e de CAP de&hellip;&nbsp;<a href=\"https:\/\/www.lycee-elisalemonnier.fr\/site\/2025\/11\/13\/la-grande-lessive-octobre-2025\/\" class=\"\" rel=\"bookmark\">Lire la suite &raquo;<span class=\"screen-reader-text\">La grande lessive &#8211; octobre 2025<\/span><\/a><\/p>\n","protected":false},"author":3,"featured_media":2717,"comment_status":"closed","ping_status":"open","sticky":false,"template":"","format":"standard","meta":{"neve_meta_sidebar":"","neve_meta_container":"","neve_meta_enable_content_width":"","neve_meta_content_width":0,"neve_meta_title_alignment":"","neve_meta_author_avatar":"","neve_post_elements_order":"","neve_meta_disable_header":"","neve_meta_disable_footer":"","neve_meta_disable_title":"","footnotes":""},"categories":[1],"tags":[],"class_list":["post-2708","post","type-post","status-publish","format-standard","has-post-thumbnail","hentry","category-non-classe"],"_links":{"self":[{"href":"https:\/\/www.lycee-elisalemonnier.fr\/site\/wp-json\/wp\/v2\/posts\/2708","targetHints":{"allow":["GET"]}}],"collection":[{"href":"https:\/\/www.lycee-elisalemonnier.fr\/site\/wp-json\/wp\/v2\/posts"}],"about":[{"href":"https:\/\/www.lycee-elisalemonnier.fr\/site\/wp-json\/wp\/v2\/types\/post"}],"author":[{"embeddable":true,"href":"https:\/\/www.lycee-elisalemonnier.fr\/site\/wp-json\/wp\/v2\/users\/3"}],"replies":[{"embeddable":true,"href":"https:\/\/www.lycee-elisalemonnier.fr\/site\/wp-json\/wp\/v2\/comments?post=2708"}],"version-history":[{"count":3,"href":"https:\/\/www.lycee-elisalemonnier.fr\/site\/wp-json\/wp\/v2\/posts\/2708\/revisions"}],"predecessor-version":[{"id":2718,"href":"https:\/\/www.lycee-elisalemonnier.fr\/site\/wp-json\/wp\/v2\/posts\/2708\/revisions\/2718"}],"wp:featuredmedia":[{"embeddable":true,"href":"https:\/\/www.lycee-elisalemonnier.fr\/site\/wp-json\/wp\/v2\/media\/2717"}],"wp:attachment":[{"href":"https:\/\/www.lycee-elisalemonnier.fr\/site\/wp-json\/wp\/v2\/media?parent=2708"}],"wp:term":[{"taxonomy":"category","embeddable":true,"href":"https:\/\/www.lycee-elisalemonnier.fr\/site\/wp-json\/wp\/v2\/categories?post=2708"},{"taxonomy":"post_tag","embeddable":true,"href":"https:\/\/www.lycee-elisalemonnier.fr\/site\/wp-json\/wp\/v2\/tags?post=2708"}],"curies":[{"name":"wp","href":"https:\/\/api.w.org\/{rel}","templated":true}]}}