{"id":2743,"date":"2025-11-27T09:29:36","date_gmt":"2025-11-27T08:29:36","guid":{"rendered":"https:\/\/www.lycee-elisalemonnier.fr\/site\/?p=2743"},"modified":"2025-12-04T19:28:58","modified_gmt":"2025-12-04T18:28:58","slug":"exposition-zoom-sur-les-zoos-humains","status":"publish","type":"post","link":"https:\/\/www.lycee-elisalemonnier.fr\/site\/2025\/11\/27\/exposition-zoom-sur-les-zoos-humains\/","title":{"rendered":"Exposition \u00ab\u00a0Zoom sur les zoos humains\u00a0\u00bb"},"content":{"rendered":"\n<p>A l&rsquo;initiative de Mme Habassi et avec le concours des professeurs documentalistes, une exposition intitul\u00e9e \u00ab\u00a0Zoom sur les zoos humains\u00a0\u00bb s&rsquo;est tenue au CDI du 24 novembre au 5 d\u00e9cembre 2025.<\/p>\n\n\n\n<p>De nombreuses classes allant du CAP au BTS sont venues visiter l&rsquo;exposition compos\u00e9e d&rsquo;affiches, de photos, de cartes, de plans, de documents \u00e9crits, de documents des archives d\u00e9partementales du Puy-de-D\u00f4me, de livres et de revues issues du fonds documentaire du CDI. <\/p>\n\n\n\n<figure class=\"wp-block-gallery has-nested-images columns-default is-cropped wp-block-gallery-1 is-layout-flex wp-block-gallery-is-layout-flex\">\n<figure class=\"wp-block-image size-large has-custom-border\"><img fetchpriority=\"high\" decoding=\"async\" width=\"1024\" height=\"768\" data-id=\"2744\" src=\"https:\/\/www.lycee-elisalemonnier.fr\/site\/wp-content\/uploads\/2025\/11\/20251124_091858-1024x768.jpg\" alt=\"Exposition Zooms sur les zoos humains\" class=\"has-border-color has-neve-link-hover-color-border-color wp-image-2744\" srcset=\"https:\/\/www.lycee-elisalemonnier.fr\/site\/wp-content\/uploads\/2025\/11\/20251124_091858-1024x768.jpg 1024w, https:\/\/www.lycee-elisalemonnier.fr\/site\/wp-content\/uploads\/2025\/11\/20251124_091858-300x225.jpg 300w, https:\/\/www.lycee-elisalemonnier.fr\/site\/wp-content\/uploads\/2025\/11\/20251124_091858-768x576.jpg 768w, https:\/\/www.lycee-elisalemonnier.fr\/site\/wp-content\/uploads\/2025\/11\/20251124_091858-1536x1152.jpg 1536w, https:\/\/www.lycee-elisalemonnier.fr\/site\/wp-content\/uploads\/2025\/11\/20251124_091858-2048x1536.jpg 2048w\" sizes=\"(max-width: 1024px) 100vw, 1024px\" \/><\/figure>\n\n\n\n<figure class=\"wp-block-image size-large has-custom-border\"><img decoding=\"async\" width=\"1024\" height=\"768\" data-id=\"2746\" src=\"https:\/\/www.lycee-elisalemonnier.fr\/site\/wp-content\/uploads\/2025\/11\/20251124_091941-1024x768.jpg\" alt=\"Exposition Zooms sur les zoos humains\" class=\"has-border-color has-neve-link-hover-color-border-color wp-image-2746\" srcset=\"https:\/\/www.lycee-elisalemonnier.fr\/site\/wp-content\/uploads\/2025\/11\/20251124_091941-1024x768.jpg 1024w, https:\/\/www.lycee-elisalemonnier.fr\/site\/wp-content\/uploads\/2025\/11\/20251124_091941-300x225.jpg 300w, https:\/\/www.lycee-elisalemonnier.fr\/site\/wp-content\/uploads\/2025\/11\/20251124_091941-768x576.jpg 768w, https:\/\/www.lycee-elisalemonnier.fr\/site\/wp-content\/uploads\/2025\/11\/20251124_091941-1536x1152.jpg 1536w, https:\/\/www.lycee-elisalemonnier.fr\/site\/wp-content\/uploads\/2025\/11\/20251124_091941-2048x1536.jpg 2048w\" sizes=\"(max-width: 1024px) 100vw, 1024px\" \/><\/figure>\n\n\n\n<figure class=\"wp-block-image size-large has-custom-border\"><img decoding=\"async\" width=\"768\" height=\"1024\" data-id=\"2747\" src=\"https:\/\/www.lycee-elisalemonnier.fr\/site\/wp-content\/uploads\/2025\/11\/IMG_8158-768x1024.jpeg\" alt=\"Exposition Zooms sur les zoos humains\" class=\"has-border-color has-neve-link-hover-color-border-color wp-image-2747\" srcset=\"https:\/\/www.lycee-elisalemonnier.fr\/site\/wp-content\/uploads\/2025\/11\/IMG_8158-768x1024.jpeg 768w, https:\/\/www.lycee-elisalemonnier.fr\/site\/wp-content\/uploads\/2025\/11\/IMG_8158-225x300.jpeg 225w, https:\/\/www.lycee-elisalemonnier.fr\/site\/wp-content\/uploads\/2025\/11\/IMG_8158.jpeg 1125w\" sizes=\"(max-width: 768px) 100vw, 768px\" \/><\/figure>\n\n\n\n<figure class=\"wp-block-image size-large has-custom-border\"><img loading=\"lazy\" decoding=\"async\" width=\"768\" height=\"1024\" data-id=\"2749\" src=\"https:\/\/www.lycee-elisalemonnier.fr\/site\/wp-content\/uploads\/2025\/11\/IMG_8160-768x1024.jpeg\" alt=\"Exposition Zooms sur les zoos humains\" class=\"has-border-color has-neve-link-hover-color-border-color wp-image-2749\" srcset=\"https:\/\/www.lycee-elisalemonnier.fr\/site\/wp-content\/uploads\/2025\/11\/IMG_8160-768x1024.jpeg 768w, https:\/\/www.lycee-elisalemonnier.fr\/site\/wp-content\/uploads\/2025\/11\/IMG_8160-225x300.jpeg 225w, https:\/\/www.lycee-elisalemonnier.fr\/site\/wp-content\/uploads\/2025\/11\/IMG_8160.jpeg 1125w\" sizes=\"(max-width: 768px) 100vw, 768px\" \/><\/figure>\n\n\n\n<figure class=\"wp-block-image size-large has-custom-border\"><img loading=\"lazy\" decoding=\"async\" width=\"768\" height=\"1024\" data-id=\"2750\" src=\"https:\/\/www.lycee-elisalemonnier.fr\/site\/wp-content\/uploads\/2025\/11\/IMG_8163-768x1024.jpeg\" alt=\"Exposition Zooms sur les zoos humains\" class=\"has-border-color has-neve-link-hover-color-border-color wp-image-2750\" srcset=\"https:\/\/www.lycee-elisalemonnier.fr\/site\/wp-content\/uploads\/2025\/11\/IMG_8163-768x1024.jpeg 768w, https:\/\/www.lycee-elisalemonnier.fr\/site\/wp-content\/uploads\/2025\/11\/IMG_8163-225x300.jpeg 225w, https:\/\/www.lycee-elisalemonnier.fr\/site\/wp-content\/uploads\/2025\/11\/IMG_8163.jpeg 1125w\" sizes=\"(max-width: 768px) 100vw, 768px\" \/><\/figure>\n\n\n\n<figure class=\"wp-block-image size-large\"><img loading=\"lazy\" decoding=\"async\" width=\"768\" height=\"1024\" data-id=\"2748\" src=\"https:\/\/www.lycee-elisalemonnier.fr\/site\/wp-content\/uploads\/2025\/11\/IMG_8164-768x1024.jpeg\" alt=\"Exposition Zooms sur les zoos humains\" class=\"wp-image-2748\" srcset=\"https:\/\/www.lycee-elisalemonnier.fr\/site\/wp-content\/uploads\/2025\/11\/IMG_8164-768x1024.jpeg 768w, https:\/\/www.lycee-elisalemonnier.fr\/site\/wp-content\/uploads\/2025\/11\/IMG_8164-225x300.jpeg 225w, https:\/\/www.lycee-elisalemonnier.fr\/site\/wp-content\/uploads\/2025\/11\/IMG_8164.jpeg 1125w\" sizes=\"(max-width: 768px) 100vw, 768px\" \/><\/figure>\n<\/figure>\n\n\n\n<p>Les \u00e9l\u00e8ves ont ainsi pu d\u00e9couvrir une r\u00e9alit\u00e9 souvent m\u00e9connue : l&rsquo;existence, en Europe principalement, d&rsquo;exhibitions (\u00e0 l&rsquo;occasion d&rsquo;exposition nationale, universelle, ethnographique ou autres) de personnes issues de pays colonis\u00e9s d&rsquo;Afrique, d&rsquo;Asie et d&rsquo;Oc\u00e9anie entre 1850 et 1940.<\/p>\n\n\n\n<p>En lien avec le programme d&rsquo;histoire sur la colonisation\/d\u00e9colonisation, c&rsquo;est aussi l&rsquo;occasion d&rsquo;aborder en EMC (\u00c9ducation Morale et Civique) la lutte contre le racisme.<\/p>\n\n\n\n<p>Le maire de Douai, Fr\u00e9d\u00e9ric Ch\u00e9reau, est venu d\u00e9couvrir l\u2019exposition. Il a salu\u00e9 ce travail de m\u00e9moire, essentiel pour promouvoir nos valeurs de respect et de dignit\u00e9 humaine.<\/p>\n\n\n\n<iframe src=\"https:\/\/www.facebook.com\/plugins\/post.php?href=https%3A%2F%2Fwww.facebook.com%2FCDIELISALEMONNIER%2Fposts%2Fpfbid0274nUiJ3krKNVGyaLemJ3GZJkbxYXq3eUKPBBWv4VZYzGNae1PXqh8usQd9iThnXAl&#038;show_text=true&#038;width=500\" width=\"500\" height=\"743\" style=\"border:none;overflow:hidden\" scrolling=\"no\" frameborder=\"0\" allowfullscreen=\"true\" allow=\"autoplay; clipboard-write; encrypted-media; picture-in-picture; web-share\"><\/iframe>\n\n\n\n<p><\/p>\n","protected":false},"excerpt":{"rendered":"<p>A l&rsquo;initiative de Mme Habassi et avec le concours des professeurs documentalistes, une exposition intitul\u00e9e \u00ab\u00a0Zoom sur les zoos humains\u00a0\u00bb s&rsquo;est tenue au CDI du 24 novembre au 5 d\u00e9cembre 2025. De nombreuses classes allant du CAP au BTS sont venues visiter l&rsquo;exposition compos\u00e9e d&rsquo;affiches, de photos, de cartes, de plans, de documents \u00e9crits, de&hellip;&nbsp;<a href=\"https:\/\/www.lycee-elisalemonnier.fr\/site\/2025\/11\/27\/exposition-zoom-sur-les-zoos-humains\/\" class=\"\" rel=\"bookmark\">Lire la suite &raquo;<span class=\"screen-reader-text\">Exposition \u00ab\u00a0Zoom sur les zoos humains\u00a0\u00bb<\/span><\/a><\/p>\n","protected":false},"author":3,"featured_media":2752,"comment_status":"closed","ping_status":"open","sticky":false,"template":"","format":"standard","meta":{"neve_meta_sidebar":"","neve_meta_container":"","neve_meta_enable_content_width":"","neve_meta_content_width":0,"neve_meta_title_alignment":"","neve_meta_author_avatar":"","neve_post_elements_order":"","neve_meta_disable_header":"","neve_meta_disable_footer":"","neve_meta_disable_title":"","footnotes":""},"categories":[1],"tags":[],"class_list":["post-2743","post","type-post","status-publish","format-standard","has-post-thumbnail","hentry","category-non-classe"],"_links":{"self":[{"href":"https:\/\/www.lycee-elisalemonnier.fr\/site\/wp-json\/wp\/v2\/posts\/2743","targetHints":{"allow":["GET"]}}],"collection":[{"href":"https:\/\/www.lycee-elisalemonnier.fr\/site\/wp-json\/wp\/v2\/posts"}],"about":[{"href":"https:\/\/www.lycee-elisalemonnier.fr\/site\/wp-json\/wp\/v2\/types\/post"}],"author":[{"embeddable":true,"href":"https:\/\/www.lycee-elisalemonnier.fr\/site\/wp-json\/wp\/v2\/users\/3"}],"replies":[{"embeddable":true,"href":"https:\/\/www.lycee-elisalemonnier.fr\/site\/wp-json\/wp\/v2\/comments?post=2743"}],"version-history":[{"count":5,"href":"https:\/\/www.lycee-elisalemonnier.fr\/site\/wp-json\/wp\/v2\/posts\/2743\/revisions"}],"predecessor-version":[{"id":2781,"href":"https:\/\/www.lycee-elisalemonnier.fr\/site\/wp-json\/wp\/v2\/posts\/2743\/revisions\/2781"}],"wp:featuredmedia":[{"embeddable":true,"href":"https:\/\/www.lycee-elisalemonnier.fr\/site\/wp-json\/wp\/v2\/media\/2752"}],"wp:attachment":[{"href":"https:\/\/www.lycee-elisalemonnier.fr\/site\/wp-json\/wp\/v2\/media?parent=2743"}],"wp:term":[{"taxonomy":"category","embeddable":true,"href":"https:\/\/www.lycee-elisalemonnier.fr\/site\/wp-json\/wp\/v2\/categories?post=2743"},{"taxonomy":"post_tag","embeddable":true,"href":"https:\/\/www.lycee-elisalemonnier.fr\/site\/wp-json\/wp\/v2\/tags?post=2743"}],"curies":[{"name":"wp","href":"https:\/\/api.w.org\/{rel}","templated":true}]}}