{"id":2765,"date":"2025-12-02T15:54:47","date_gmt":"2025-12-02T14:54:47","guid":{"rendered":"https:\/\/www.lycee-elisalemonnier.fr\/site\/?p=2765"},"modified":"2025-12-05T10:08:58","modified_gmt":"2025-12-05T09:08:58","slug":"cine-debat-les-zoos-humains","status":"publish","type":"post","link":"https:\/\/www.lycee-elisalemonnier.fr\/site\/2025\/12\/02\/cine-debat-les-zoos-humains\/","title":{"rendered":"Cin\u00e9-d\u00e9bat : les zoos humains"},"content":{"rendered":"\n<p><strong>Comprendre le pass\u00e9 pour \u00e9clairer notre pr\u00e9sent<\/strong> : c\u2019est le d\u00e9fi relev\u00e9 ce vendredi 28 novembre de 10h \u00e0 12h, lorsque les \u00e9l\u00e8ves de 2MRC1, 2MRC2 et TAGORA 1 ont particip\u00e9 \u00e0 un cin\u00e9-d\u00e9bat consacr\u00e9 aux zoos humains, <a href=\"https:\/\/www.lycee-elisalemonnier.fr\/site\/2025\/11\/27\/exposition-zoom-sur-les-zoos-humains\/\">en compl\u00e9ment de l&rsquo;exposition du CDI<\/a>.<\/p>\n\n\n\n<figure class=\"wp-block-gallery has-nested-images columns-default is-cropped wp-block-gallery-1 is-layout-flex wp-block-gallery-is-layout-flex\">\n<figure class=\"wp-block-image size-large\"><img fetchpriority=\"high\" decoding=\"async\" width=\"1024\" height=\"768\" data-id=\"2766\" src=\"https:\/\/www.lycee-elisalemonnier.fr\/site\/wp-content\/uploads\/2025\/12\/cine-debat-1024x768.png\" alt=\"\" class=\"wp-image-2766\" srcset=\"https:\/\/www.lycee-elisalemonnier.fr\/site\/wp-content\/uploads\/2025\/12\/cine-debat-1024x768.png 1024w, https:\/\/www.lycee-elisalemonnier.fr\/site\/wp-content\/uploads\/2025\/12\/cine-debat-300x225.png 300w, https:\/\/www.lycee-elisalemonnier.fr\/site\/wp-content\/uploads\/2025\/12\/cine-debat-768x576.png 768w, https:\/\/www.lycee-elisalemonnier.fr\/site\/wp-content\/uploads\/2025\/12\/cine-debat.png 1200w\" sizes=\"(max-width: 1024px) 100vw, 1024px\" \/><\/figure>\n\n\n\n<figure class=\"wp-block-image size-large has-custom-border\"><img decoding=\"async\" width=\"1024\" height=\"768\" data-id=\"2758\" src=\"https:\/\/www.lycee-elisalemonnier.fr\/site\/wp-content\/uploads\/2025\/11\/11-1024x768.jpeg\" alt=\"\" class=\"has-border-color has-neve-link-hover-color-border-color wp-image-2758\" srcset=\"https:\/\/www.lycee-elisalemonnier.fr\/site\/wp-content\/uploads\/2025\/11\/11-1024x768.jpeg 1024w, https:\/\/www.lycee-elisalemonnier.fr\/site\/wp-content\/uploads\/2025\/11\/11-300x225.jpeg 300w, https:\/\/www.lycee-elisalemonnier.fr\/site\/wp-content\/uploads\/2025\/11\/11-768x576.jpeg 768w, https:\/\/www.lycee-elisalemonnier.fr\/site\/wp-content\/uploads\/2025\/11\/11-1536x1152.jpeg 1536w, https:\/\/www.lycee-elisalemonnier.fr\/site\/wp-content\/uploads\/2025\/11\/11.jpeg 1600w\" sizes=\"(max-width: 1024px) 100vw, 1024px\" \/><\/figure>\n<\/figure>\n\n\n\n<p>Le film <strong>\u00ab\u00a0Sauvages, au coeur des zoos humains\u00a0\u00bb<\/strong> \u00e9crit et r\u00e9alis\u00e9 par Pascal Blanchard et Bruno Victor-Pujebet a \u00e9t\u00e9 projet\u00e9. Puis, un d\u00e9bat anim\u00e9 par le journaliste et conf\u00e9rencier Didier Boudet a donn\u00e9 lieu \u00e0 de nombreuses questions et \u00e0 un d\u00e9bat riche et investi.<\/p>\n\n\n\n<p>Une plong\u00e9e dans une page sombre de l\u2019histoire coloniale, qui invite \u00e0 r\u00e9fl\u00e9chir aux id\u00e9es re\u00e7ues et aux discriminations h\u00e9rit\u00e9es du pass\u00e9, encore pr\u00e9sentes dans notre soci\u00e9t\u00e9.<\/p>\n\n\n\n<p>Le quotidien \u00ab\u00a0La Voix du Nord\u00a0\u00bb a publi\u00e9 un article sur l&rsquo;exposition et le cin\u00e9-d\u00e9bat, consultable sur : <a href=\"https:\/\/www.lavoixdunord.fr\/1652247\/article\/2025-12-02\/au-lycee-elisa-lemonnier-expo-et-cine-debat-sur-l-histoire-et-la-lutte-contre\">https:\/\/www.lavoixdunord.fr\/1652247\/article\/2025-12-02\/au-lycee-elisa-lemonnier-expo-et-cine-debat-sur-l-histoire-et-la-lutte-contre<\/a> (\u00e9dition papier du mercredi 3 d\u00e9cembre 2025).<\/p>\n","protected":false},"excerpt":{"rendered":"<p>Comprendre le pass\u00e9 pour \u00e9clairer notre pr\u00e9sent : c\u2019est le d\u00e9fi relev\u00e9 ce vendredi 28 novembre de 10h \u00e0 12h, lorsque les \u00e9l\u00e8ves de 2MRC1, 2MRC2 et TAGORA 1 ont particip\u00e9 \u00e0 un cin\u00e9-d\u00e9bat consacr\u00e9 aux zoos humains, en compl\u00e9ment de l&rsquo;exposition du CDI. Le film \u00ab\u00a0Sauvages, au coeur des zoos humains\u00a0\u00bb \u00e9crit et r\u00e9alis\u00e9&hellip;&nbsp;<a href=\"https:\/\/www.lycee-elisalemonnier.fr\/site\/2025\/12\/02\/cine-debat-les-zoos-humains\/\" class=\"\" rel=\"bookmark\">Lire la suite &raquo;<span class=\"screen-reader-text\">Cin\u00e9-d\u00e9bat : les zoos humains<\/span><\/a><\/p>\n","protected":false},"author":3,"featured_media":2768,"comment_status":"closed","ping_status":"open","sticky":false,"template":"","format":"standard","meta":{"neve_meta_sidebar":"","neve_meta_container":"","neve_meta_enable_content_width":"","neve_meta_content_width":0,"neve_meta_title_alignment":"","neve_meta_author_avatar":"","neve_post_elements_order":"","neve_meta_disable_header":"","neve_meta_disable_footer":"","neve_meta_disable_title":"","footnotes":""},"categories":[1],"tags":[],"class_list":["post-2765","post","type-post","status-publish","format-standard","has-post-thumbnail","hentry","category-non-classe"],"_links":{"self":[{"href":"https:\/\/www.lycee-elisalemonnier.fr\/site\/wp-json\/wp\/v2\/posts\/2765","targetHints":{"allow":["GET"]}}],"collection":[{"href":"https:\/\/www.lycee-elisalemonnier.fr\/site\/wp-json\/wp\/v2\/posts"}],"about":[{"href":"https:\/\/www.lycee-elisalemonnier.fr\/site\/wp-json\/wp\/v2\/types\/post"}],"author":[{"embeddable":true,"href":"https:\/\/www.lycee-elisalemonnier.fr\/site\/wp-json\/wp\/v2\/users\/3"}],"replies":[{"embeddable":true,"href":"https:\/\/www.lycee-elisalemonnier.fr\/site\/wp-json\/wp\/v2\/comments?post=2765"}],"version-history":[{"count":3,"href":"https:\/\/www.lycee-elisalemonnier.fr\/site\/wp-json\/wp\/v2\/posts\/2765\/revisions"}],"predecessor-version":[{"id":2784,"href":"https:\/\/www.lycee-elisalemonnier.fr\/site\/wp-json\/wp\/v2\/posts\/2765\/revisions\/2784"}],"wp:featuredmedia":[{"embeddable":true,"href":"https:\/\/www.lycee-elisalemonnier.fr\/site\/wp-json\/wp\/v2\/media\/2768"}],"wp:attachment":[{"href":"https:\/\/www.lycee-elisalemonnier.fr\/site\/wp-json\/wp\/v2\/media?parent=2765"}],"wp:term":[{"taxonomy":"category","embeddable":true,"href":"https:\/\/www.lycee-elisalemonnier.fr\/site\/wp-json\/wp\/v2\/categories?post=2765"},{"taxonomy":"post_tag","embeddable":true,"href":"https:\/\/www.lycee-elisalemonnier.fr\/site\/wp-json\/wp\/v2\/tags?post=2765"}],"curies":[{"name":"wp","href":"https:\/\/api.w.org\/{rel}","templated":true}]}}