{"id":2770,"date":"2025-12-04T18:58:59","date_gmt":"2025-12-04T17:58:59","guid":{"rendered":"https:\/\/www.lycee-elisalemonnier.fr\/site\/?p=2770"},"modified":"2025-12-04T18:59:00","modified_gmt":"2025-12-04T17:59:00","slug":"sortie-au-tribunal-de-douai","status":"publish","type":"post","link":"https:\/\/www.lycee-elisalemonnier.fr\/site\/2025\/12\/04\/sortie-au-tribunal-de-douai\/","title":{"rendered":"Sortie au tribunal de Douai"},"content":{"rendered":"\n<p>Ce mardi 2 d\u00e9cembre et 9 d\u00e9cembre 2025, les \u00e9l\u00e8ves de 1MCVA1 ont eu l&rsquo;opportunit\u00e9 de passer la matin\u00e9e au Palais de Justice de Douai, emmen\u00e9s par Mme Deburaux.<\/p>\n\n\n\n<p>Ils ont pu assister \u00e0 une audience, et ont ainsi d\u00e9couvert le fonctionnement du Tribunal p\u00e9nal. <\/p>\n\n\n\n<figure class=\"wp-block-image size-full\"><img fetchpriority=\"high\" decoding=\"async\" width=\"1008\" height=\"756\" src=\"https:\/\/www.lycee-elisalemonnier.fr\/site\/wp-content\/uploads\/2025\/12\/tribunal-2.jpeg\" alt=\"\" class=\"wp-image-2777\" srcset=\"https:\/\/www.lycee-elisalemonnier.fr\/site\/wp-content\/uploads\/2025\/12\/tribunal-2.jpeg 1008w, https:\/\/www.lycee-elisalemonnier.fr\/site\/wp-content\/uploads\/2025\/12\/tribunal-2-300x225.jpeg 300w, https:\/\/www.lycee-elisalemonnier.fr\/site\/wp-content\/uploads\/2025\/12\/tribunal-2-768x576.jpeg 768w\" sizes=\"(max-width: 1008px) 100vw, 1008px\" \/><\/figure>\n\n\n\n<p>Madame le juge et Monsieur le Procureur ont pris le temps de venir expliquer le r\u00f4le de chacun, certains \u00e9l\u00e9ments de vocabulaire et de r\u00e9pondre aux questions des \u00e9l\u00e8ves.<\/p>\n\n\n\n<figure class=\"wp-block-image size-full\"><img decoding=\"async\" width=\"1008\" height=\"756\" src=\"https:\/\/www.lycee-elisalemonnier.fr\/site\/wp-content\/uploads\/2025\/12\/tribunal-1.jpeg\" alt=\"\" class=\"wp-image-2774\" srcset=\"https:\/\/www.lycee-elisalemonnier.fr\/site\/wp-content\/uploads\/2025\/12\/tribunal-1.jpeg 1008w, https:\/\/www.lycee-elisalemonnier.fr\/site\/wp-content\/uploads\/2025\/12\/tribunal-1-300x225.jpeg 300w, https:\/\/www.lycee-elisalemonnier.fr\/site\/wp-content\/uploads\/2025\/12\/tribunal-1-768x576.jpeg 768w\" sizes=\"(max-width: 1008px) 100vw, 1008px\" \/><\/figure>\n\n\n\n<p>Les \u00e9l\u00e8ves ont appr\u00e9ci\u00e9 cette sortie qui leur a permis d&rsquo;appr\u00e9hender la r\u00e9alit\u00e9 du travail des magistrats.<\/p>\n","protected":false},"excerpt":{"rendered":"<p>Ce mardi 2 d\u00e9cembre et 9 d\u00e9cembre 2025, les \u00e9l\u00e8ves de 1MCVA1 ont eu l&rsquo;opportunit\u00e9 de passer la matin\u00e9e au Palais de Justice de Douai, emmen\u00e9s par Mme Deburaux. Ils ont pu assister \u00e0 une audience, et ont ainsi d\u00e9couvert le fonctionnement du Tribunal p\u00e9nal. Madame le juge et Monsieur le Procureur ont pris le&hellip;&nbsp;<a href=\"https:\/\/www.lycee-elisalemonnier.fr\/site\/2025\/12\/04\/sortie-au-tribunal-de-douai\/\" class=\"\" rel=\"bookmark\">Lire la suite &raquo;<span class=\"screen-reader-text\">Sortie au tribunal de Douai<\/span><\/a><\/p>\n","protected":false},"author":3,"featured_media":2778,"comment_status":"closed","ping_status":"open","sticky":false,"template":"","format":"standard","meta":{"neve_meta_sidebar":"","neve_meta_container":"","neve_meta_enable_content_width":"","neve_meta_content_width":0,"neve_meta_title_alignment":"","neve_meta_author_avatar":"","neve_post_elements_order":"","neve_meta_disable_header":"","neve_meta_disable_footer":"","neve_meta_disable_title":"","footnotes":""},"categories":[1],"tags":[],"class_list":["post-2770","post","type-post","status-publish","format-standard","has-post-thumbnail","hentry","category-non-classe"],"_links":{"self":[{"href":"https:\/\/www.lycee-elisalemonnier.fr\/site\/wp-json\/wp\/v2\/posts\/2770","targetHints":{"allow":["GET"]}}],"collection":[{"href":"https:\/\/www.lycee-elisalemonnier.fr\/site\/wp-json\/wp\/v2\/posts"}],"about":[{"href":"https:\/\/www.lycee-elisalemonnier.fr\/site\/wp-json\/wp\/v2\/types\/post"}],"author":[{"embeddable":true,"href":"https:\/\/www.lycee-elisalemonnier.fr\/site\/wp-json\/wp\/v2\/users\/3"}],"replies":[{"embeddable":true,"href":"https:\/\/www.lycee-elisalemonnier.fr\/site\/wp-json\/wp\/v2\/comments?post=2770"}],"version-history":[{"count":2,"href":"https:\/\/www.lycee-elisalemonnier.fr\/site\/wp-json\/wp\/v2\/posts\/2770\/revisions"}],"predecessor-version":[{"id":2779,"href":"https:\/\/www.lycee-elisalemonnier.fr\/site\/wp-json\/wp\/v2\/posts\/2770\/revisions\/2779"}],"wp:featuredmedia":[{"embeddable":true,"href":"https:\/\/www.lycee-elisalemonnier.fr\/site\/wp-json\/wp\/v2\/media\/2778"}],"wp:attachment":[{"href":"https:\/\/www.lycee-elisalemonnier.fr\/site\/wp-json\/wp\/v2\/media?parent=2770"}],"wp:term":[{"taxonomy":"category","embeddable":true,"href":"https:\/\/www.lycee-elisalemonnier.fr\/site\/wp-json\/wp\/v2\/categories?post=2770"},{"taxonomy":"post_tag","embeddable":true,"href":"https:\/\/www.lycee-elisalemonnier.fr\/site\/wp-json\/wp\/v2\/tags?post=2770"}],"curies":[{"name":"wp","href":"https:\/\/api.w.org\/{rel}","templated":true}]}}