{"id":2772,"date":"2025-12-04T12:20:56","date_gmt":"2025-12-04T11:20:56","guid":{"rendered":"https:\/\/www.lycee-elisalemonnier.fr\/site\/?p=2772"},"modified":"2025-12-04T12:20:57","modified_gmt":"2025-12-04T11:20:57","slug":"concours-national-de-la-logistique","status":"publish","type":"post","link":"https:\/\/www.lycee-elisalemonnier.fr\/site\/2025\/12\/04\/concours-national-de-la-logistique\/","title":{"rendered":"Concours national de la logistique"},"content":{"rendered":"\n<p>Ce mardi 2 d\u00e9cembre 2025, les \u00e9l\u00e8ves de 2GATL1 ont particip\u00e9 au grand concours national organis\u00e9 par l\u2019AFT, un quiz en ligne sur Kahoot d\u00e9di\u00e9 au monde du transport et de la logistique.<br>Un moment \u00e0 la fois formateur, stimulant\u2026 et riche en \u00e9motions !<\/p>\n\n\n\n<p>Apr\u00e8s un d\u00e9marrage un peu compliqu\u00e9, la classe a su faire preuve de calme, de concentration et d\u2019esprit d\u2019\u00e9quipe pour remonter dans le classement. R\u00e9sultat : une 24\u1d49 place honorable sur plus d&rsquo;une centaine de participants venus de toute la France !<\/p>\n\n\n\n<p>Au-del\u00e0 du classement, cette participation avait plusieurs objectifs p\u00e9dagogiques forts :<\/p>\n\n\n\n<ul class=\"wp-block-list\">\n<li>Renforcer la culture professionnelle dans les domaines du transport et de la logistique.<\/li>\n\n\n\n<li>\u00a0D\u00e9velopper la r\u00e9activit\u00e9, la gestion du stress et la prise d\u2019information rapide.<\/li>\n\n\n\n<li>\u00a0Favoriser la coh\u00e9sion de groupe autour d\u2019un d\u00e9fi ludique et motivant.<\/li>\n\n\n\n<li>Valoriser les comp\u00e9tences travaill\u00e9es en cours et donner du sens aux apprentissages.<\/li>\n<\/ul>\n\n\n\n<figure class=\"wp-block-gallery has-nested-images columns-default is-cropped wp-block-gallery-1 is-layout-flex wp-block-gallery-is-layout-flex\">\n\n<\/figure>\n\n\n\n<p>Un grand bravo aux \u00e9l\u00e8ves pour leur implication et leur pers\u00e9v\u00e9rance !<\/p>\n\n\n\n<p>Nous adressons \u00e9galement nos remerciements chaleureux \u00e0 :<\/p>\n\n\n\n<ul class=\"wp-block-list\">\n<li>Monsieur Tikouirt, pour avoir pr\u00e9par\u00e9 les \u00e9l\u00e8ves avec s\u00e9rieux et enthousiasme.<\/li>\n\n\n\n<li>Madame Guette, pour avoir accept\u00e9 de mettre \u00e0 disposition son heure de cours afin de permettre la participation de la classe.<\/li>\n<\/ul>\n\n\n\n<p>Une belle exp\u00e9rience pour nos 2GATL1, qui ont su montrer leur motivation et leur professionnalisme.<\/p>\n","protected":false},"excerpt":{"rendered":"<p>Ce mardi 2 d\u00e9cembre 2025, les \u00e9l\u00e8ves de 2GATL1 ont particip\u00e9 au grand concours national organis\u00e9 par l\u2019AFT, un quiz en ligne sur Kahoot d\u00e9di\u00e9 au monde du transport et de la logistique.Un moment \u00e0 la fois formateur, stimulant\u2026 et riche en \u00e9motions ! Apr\u00e8s un d\u00e9marrage un peu compliqu\u00e9, la classe a su faire&hellip;&nbsp;<a href=\"https:\/\/www.lycee-elisalemonnier.fr\/site\/2025\/12\/04\/concours-national-de-la-logistique\/\" class=\"\" rel=\"bookmark\">Lire la suite &raquo;<span class=\"screen-reader-text\">Concours national de la logistique<\/span><\/a><\/p>\n","protected":false},"author":2,"featured_media":0,"comment_status":"closed","ping_status":"open","sticky":false,"template":"","format":"standard","meta":{"neve_meta_sidebar":"","neve_meta_container":"","neve_meta_enable_content_width":"","neve_meta_content_width":0,"neve_meta_title_alignment":"","neve_meta_author_avatar":"","neve_post_elements_order":"","neve_meta_disable_header":"","neve_meta_disable_footer":"","neve_meta_disable_title":"","footnotes":""},"categories":[1],"tags":[],"class_list":["post-2772","post","type-post","status-publish","format-standard","hentry","category-non-classe"],"_links":{"self":[{"href":"https:\/\/www.lycee-elisalemonnier.fr\/site\/wp-json\/wp\/v2\/posts\/2772","targetHints":{"allow":["GET"]}}],"collection":[{"href":"https:\/\/www.lycee-elisalemonnier.fr\/site\/wp-json\/wp\/v2\/posts"}],"about":[{"href":"https:\/\/www.lycee-elisalemonnier.fr\/site\/wp-json\/wp\/v2\/types\/post"}],"author":[{"embeddable":true,"href":"https:\/\/www.lycee-elisalemonnier.fr\/site\/wp-json\/wp\/v2\/users\/2"}],"replies":[{"embeddable":true,"href":"https:\/\/www.lycee-elisalemonnier.fr\/site\/wp-json\/wp\/v2\/comments?post=2772"}],"version-history":[{"count":1,"href":"https:\/\/www.lycee-elisalemonnier.fr\/site\/wp-json\/wp\/v2\/posts\/2772\/revisions"}],"predecessor-version":[{"id":2773,"href":"https:\/\/www.lycee-elisalemonnier.fr\/site\/wp-json\/wp\/v2\/posts\/2772\/revisions\/2773"}],"wp:attachment":[{"href":"https:\/\/www.lycee-elisalemonnier.fr\/site\/wp-json\/wp\/v2\/media?parent=2772"}],"wp:term":[{"taxonomy":"category","embeddable":true,"href":"https:\/\/www.lycee-elisalemonnier.fr\/site\/wp-json\/wp\/v2\/categories?post=2772"},{"taxonomy":"post_tag","embeddable":true,"href":"https:\/\/www.lycee-elisalemonnier.fr\/site\/wp-json\/wp\/v2\/tags?post=2772"}],"curies":[{"name":"wp","href":"https:\/\/api.w.org\/{rel}","templated":true}]}}