{"id":2785,"date":"2025-12-11T14:25:21","date_gmt":"2025-12-11T13:25:21","guid":{"rendered":"https:\/\/www.lycee-elisalemonnier.fr\/site\/?p=2785"},"modified":"2025-12-11T14:25:23","modified_gmt":"2025-12-11T13:25:23","slug":"projet-jeunes-en-librairie","status":"publish","type":"post","link":"https:\/\/www.lycee-elisalemonnier.fr\/site\/2025\/12\/11\/projet-jeunes-en-librairie\/","title":{"rendered":"Projet Jeunes en Librairie"},"content":{"rendered":"\n<p>Cette ann\u00e9e, ce sont les \u00e9l\u00e8ves de 2TNE3 (m\u00e9tiers des transitions num\u00e9rique et \u00e9nerg\u00e9tique) qui ont la chance de participer au projet Jeunes en Librairie.<\/p>\n\n\n\n<p>Dans le cadre des cours de fran\u00e7ais de M. Djafer, et en particulier de l&rsquo;\u00e9criture de soi, les \u00e9l\u00e8ves vont \u00e9crire des nouvelles. <\/p>\n\n\n\n<p>Dans un premier temps, ils ont lu un recueil de nouvelles \u00e9crites par <strong>Thierry Moral<\/strong> intitul\u00e9 <em>\u00ab\u00a0Doubles et Tranchants\u00a0\u00bb<\/em>. Le jeudi 11 d\u00e9cembre, ils ont pu rencontrer l&rsquo;auteur et \u00e9changer avec lui sur leur lecture. Ils ont \u00e9galement commenc\u00e9 le travail d&rsquo;\u00e9criture de leur propre nouvelle, par groupe.<\/p>\n\n\n\n<p>L&rsquo;objectif final est de faire une mise en voix de ces textes. Ce projet s&rsquo;inscrit dans le dispositif <a href=\"https:\/\/draeac.site.ac-lille.fr\/jenlibrairie\/\" data-type=\"link\" data-id=\"https:\/\/draeac.site.ac-lille.fr\/jenlibrairie\/\">Jeunes en Librairie<\/a> et se d\u00e9roule en partenariat avec la <a href=\"https:\/\/librairie-sensations.fr\/\" data-type=\"link\" data-id=\"https:\/\/librairie-sensations.fr\/\">librairie Sensations<\/a> de Douai.<\/p>\n\n\n\n<figure class=\"wp-block-gallery has-nested-images columns-default is-cropped wp-block-gallery-1 is-layout-flex wp-block-gallery-is-layout-flex\">\n<figure class=\"wp-block-image size-large\"><img fetchpriority=\"high\" decoding=\"async\" width=\"600\" height=\"800\" data-id=\"2786\" src=\"https:\/\/www.lycee-elisalemonnier.fr\/site\/wp-content\/uploads\/2025\/12\/dedicace.png\" alt=\"Thierry Moral d\u00e9dicace son livre pour les \u00e9l\u00e8ves du LPO Elisa Lemonnier.\" class=\"wp-image-2786\" srcset=\"https:\/\/www.lycee-elisalemonnier.fr\/site\/wp-content\/uploads\/2025\/12\/dedicace.png 600w, https:\/\/www.lycee-elisalemonnier.fr\/site\/wp-content\/uploads\/2025\/12\/dedicace-225x300.png 225w\" sizes=\"(max-width: 600px) 100vw, 600px\" \/><\/figure>\n\n\n\n<figure class=\"wp-block-image size-large\"><img decoding=\"async\" width=\"800\" height=\"600\" data-id=\"2789\" src=\"https:\/\/www.lycee-elisalemonnier.fr\/site\/wp-content\/uploads\/2025\/12\/groupe1.png\" alt=\"Thierry Moral lit un extrait de son livre.\" class=\"wp-image-2789\" srcset=\"https:\/\/www.lycee-elisalemonnier.fr\/site\/wp-content\/uploads\/2025\/12\/groupe1.png 800w, https:\/\/www.lycee-elisalemonnier.fr\/site\/wp-content\/uploads\/2025\/12\/groupe1-300x225.png 300w, https:\/\/www.lycee-elisalemonnier.fr\/site\/wp-content\/uploads\/2025\/12\/groupe1-768x576.png 768w\" sizes=\"(max-width: 800px) 100vw, 800px\" \/><\/figure>\n\n\n\n<figure class=\"wp-block-image size-large\"><img decoding=\"async\" width=\"800\" height=\"600\" data-id=\"2787\" src=\"https:\/\/www.lycee-elisalemonnier.fr\/site\/wp-content\/uploads\/2025\/12\/groupe2.png\" alt=\"Les \u00e9l\u00e8ves travaillent en groupe sur l'\u00e9criture de leur nouvelle.\" class=\"wp-image-2787\" srcset=\"https:\/\/www.lycee-elisalemonnier.fr\/site\/wp-content\/uploads\/2025\/12\/groupe2.png 800w, https:\/\/www.lycee-elisalemonnier.fr\/site\/wp-content\/uploads\/2025\/12\/groupe2-300x225.png 300w, https:\/\/www.lycee-elisalemonnier.fr\/site\/wp-content\/uploads\/2025\/12\/groupe2-768x576.png 768w\" sizes=\"(max-width: 800px) 100vw, 800px\" \/><\/figure>\n\n\n\n<figure class=\"wp-block-image size-large\"><img loading=\"lazy\" decoding=\"async\" width=\"600\" height=\"800\" data-id=\"2788\" src=\"https:\/\/www.lycee-elisalemonnier.fr\/site\/wp-content\/uploads\/2025\/12\/groupe2b.png\" alt=\"Les \u00e9l\u00e8ves travaillent en groupe sur l'\u00e9criture de leur nouvelle.\" class=\"wp-image-2788\" srcset=\"https:\/\/www.lycee-elisalemonnier.fr\/site\/wp-content\/uploads\/2025\/12\/groupe2b.png 600w, https:\/\/www.lycee-elisalemonnier.fr\/site\/wp-content\/uploads\/2025\/12\/groupe2b-225x300.png 225w\" sizes=\"(max-width: 600px) 100vw, 600px\" \/><\/figure>\n<\/figure>\n\n\n\n<p><\/p>\n","protected":false},"excerpt":{"rendered":"<p>Cette ann\u00e9e, ce sont les \u00e9l\u00e8ves de 2TNE3 (m\u00e9tiers des transitions num\u00e9rique et \u00e9nerg\u00e9tique) qui ont la chance de participer au projet Jeunes en Librairie. Dans le cadre des cours de fran\u00e7ais de M. Djafer, et en particulier de l&rsquo;\u00e9criture de soi, les \u00e9l\u00e8ves vont \u00e9crire des nouvelles. Dans un premier temps, ils ont lu&hellip;&nbsp;<a href=\"https:\/\/www.lycee-elisalemonnier.fr\/site\/2025\/12\/11\/projet-jeunes-en-librairie\/\" class=\"\" rel=\"bookmark\">Lire la suite &raquo;<span class=\"screen-reader-text\">Projet Jeunes en Librairie<\/span><\/a><\/p>\n","protected":false},"author":3,"featured_media":2419,"comment_status":"closed","ping_status":"open","sticky":false,"template":"","format":"standard","meta":{"neve_meta_sidebar":"","neve_meta_container":"","neve_meta_enable_content_width":"","neve_meta_content_width":0,"neve_meta_title_alignment":"","neve_meta_author_avatar":"","neve_post_elements_order":"","neve_meta_disable_header":"","neve_meta_disable_footer":"","neve_meta_disable_title":"","footnotes":""},"categories":[1],"tags":[],"class_list":["post-2785","post","type-post","status-publish","format-standard","has-post-thumbnail","hentry","category-non-classe"],"_links":{"self":[{"href":"https:\/\/www.lycee-elisalemonnier.fr\/site\/wp-json\/wp\/v2\/posts\/2785","targetHints":{"allow":["GET"]}}],"collection":[{"href":"https:\/\/www.lycee-elisalemonnier.fr\/site\/wp-json\/wp\/v2\/posts"}],"about":[{"href":"https:\/\/www.lycee-elisalemonnier.fr\/site\/wp-json\/wp\/v2\/types\/post"}],"author":[{"embeddable":true,"href":"https:\/\/www.lycee-elisalemonnier.fr\/site\/wp-json\/wp\/v2\/users\/3"}],"replies":[{"embeddable":true,"href":"https:\/\/www.lycee-elisalemonnier.fr\/site\/wp-json\/wp\/v2\/comments?post=2785"}],"version-history":[{"count":2,"href":"https:\/\/www.lycee-elisalemonnier.fr\/site\/wp-json\/wp\/v2\/posts\/2785\/revisions"}],"predecessor-version":[{"id":2791,"href":"https:\/\/www.lycee-elisalemonnier.fr\/site\/wp-json\/wp\/v2\/posts\/2785\/revisions\/2791"}],"wp:featuredmedia":[{"embeddable":true,"href":"https:\/\/www.lycee-elisalemonnier.fr\/site\/wp-json\/wp\/v2\/media\/2419"}],"wp:attachment":[{"href":"https:\/\/www.lycee-elisalemonnier.fr\/site\/wp-json\/wp\/v2\/media?parent=2785"}],"wp:term":[{"taxonomy":"category","embeddable":true,"href":"https:\/\/www.lycee-elisalemonnier.fr\/site\/wp-json\/wp\/v2\/categories?post=2785"},{"taxonomy":"post_tag","embeddable":true,"href":"https:\/\/www.lycee-elisalemonnier.fr\/site\/wp-json\/wp\/v2\/tags?post=2785"}],"curies":[{"name":"wp","href":"https:\/\/api.w.org\/{rel}","templated":true}]}}