{"id":2860,"date":"2026-03-05T10:17:48","date_gmt":"2026-03-05T09:17:48","guid":{"rendered":"https:\/\/www.lycee-elisalemonnier.fr\/site\/?p=2860"},"modified":"2026-03-05T10:17:50","modified_gmt":"2026-03-05T09:17:50","slug":"les-eleves-de-seconde-ont-ete-sensibilises-aux-risques-routiers","status":"publish","type":"post","link":"https:\/\/www.lycee-elisalemonnier.fr\/site\/2026\/03\/05\/les-eleves-de-seconde-ont-ete-sensibilises-aux-risques-routiers\/","title":{"rendered":"Les \u00e9l\u00e8ves de seconde ont \u00e9t\u00e9 sensibilis\u00e9s aux risques routiers"},"content":{"rendered":"\n<p>Conform\u00e9ment \u00e0 la <a href=\"http:\/\/www.education.gouv.fr\/pid25535\/bulletin_officiel.html?cid_bo=89117\">circulaire du minist\u00e8re de l\u2019\u00c9ducation nationale n\u00b0 2015-082 du 22 mai 2015<\/a>, les \u00e9l\u00e8ves de seconde (g\u00e9n\u00e9rale, technologique, et professionnelle), ainsi que les 3\u00e8me Pr\u00e9pa Pro et les 1\u00e8res ann\u00e9es de CAP y compris les alternants (soit pr\u00e8s de 600 \u00e9l\u00e8ves) ont \u00e9t\u00e9 sensibilis\u00e9s aux risques routiers la semaine du 9 au 13 f\u00e9vrier 2026.<\/p>\n\n\n\n<p>Chaque \u00e9l\u00e8ve a pu tester l&rsquo;un des simulateurs 2 roues pr\u00eat\u00e9s par la DDTM (Direction D\u00e9partementale des Territoires et de la Mer du Nord), accompagn\u00e9 par les IDSR (Intervenants d\u00e9partementaux de la s\u00e9curit\u00e9 routi\u00e8re). <\/p>\n\n\n\n<p>Install\u00e9s en salle Desbonnet, les \u00e9l\u00e8ves ont appr\u00e9ci\u00e9 ce moment de pr\u00e9vention. <\/p>\n\n\n\n<figure class=\"wp-block-gallery has-nested-images columns-default is-cropped wp-block-gallery-1 is-layout-flex wp-block-gallery-is-layout-flex\">\n<figure class=\"wp-block-image size-large\"><img fetchpriority=\"high\" decoding=\"async\" width=\"947\" height=\"565\" data-id=\"2861\" src=\"https:\/\/www.lycee-elisalemonnier.fr\/site\/wp-content\/uploads\/2026\/03\/image01.png\" alt=\"Sensibilisation aux risques routiers\" class=\"wp-image-2861\" srcset=\"https:\/\/www.lycee-elisalemonnier.fr\/site\/wp-content\/uploads\/2026\/03\/image01.png 947w, https:\/\/www.lycee-elisalemonnier.fr\/site\/wp-content\/uploads\/2026\/03\/image01-300x179.png 300w, https:\/\/www.lycee-elisalemonnier.fr\/site\/wp-content\/uploads\/2026\/03\/image01-768x458.png 768w\" sizes=\"(max-width: 947px) 100vw, 947px\" \/><\/figure>\n\n\n\n<figure class=\"wp-block-image size-large\"><img decoding=\"async\" width=\"750\" height=\"563\" data-id=\"2862\" src=\"https:\/\/www.lycee-elisalemonnier.fr\/site\/wp-content\/uploads\/2026\/03\/image02.png\" alt=\"Sensibilisation aux risques routiers\" class=\"wp-image-2862\" srcset=\"https:\/\/www.lycee-elisalemonnier.fr\/site\/wp-content\/uploads\/2026\/03\/image02.png 750w, https:\/\/www.lycee-elisalemonnier.fr\/site\/wp-content\/uploads\/2026\/03\/image02-300x225.png 300w\" sizes=\"(max-width: 750px) 100vw, 750px\" \/><\/figure>\n\n\n\n<figure class=\"wp-block-image size-large\"><img decoding=\"async\" width=\"750\" height=\"563\" data-id=\"2864\" src=\"https:\/\/www.lycee-elisalemonnier.fr\/site\/wp-content\/uploads\/2026\/03\/image03.png\" alt=\"Sensibilisation aux risques routiers\" class=\"wp-image-2864\" srcset=\"https:\/\/www.lycee-elisalemonnier.fr\/site\/wp-content\/uploads\/2026\/03\/image03.png 750w, https:\/\/www.lycee-elisalemonnier.fr\/site\/wp-content\/uploads\/2026\/03\/image03-300x225.png 300w\" sizes=\"(max-width: 750px) 100vw, 750px\" \/><\/figure>\n\n\n\n<figure class=\"wp-block-image size-large\"><img loading=\"lazy\" decoding=\"async\" width=\"666\" height=\"377\" data-id=\"2865\" src=\"https:\/\/www.lycee-elisalemonnier.fr\/site\/wp-content\/uploads\/2026\/03\/image04.png\" alt=\"Sensibilisation aux risques routiers\" class=\"wp-image-2865\" srcset=\"https:\/\/www.lycee-elisalemonnier.fr\/site\/wp-content\/uploads\/2026\/03\/image04.png 666w, https:\/\/www.lycee-elisalemonnier.fr\/site\/wp-content\/uploads\/2026\/03\/image04-300x170.png 300w\" sizes=\"(max-width: 666px) 100vw, 666px\" \/><\/figure>\n\n\n\n<figure class=\"wp-block-image size-large\"><img loading=\"lazy\" decoding=\"async\" width=\"733\" height=\"433\" data-id=\"2863\" src=\"https:\/\/www.lycee-elisalemonnier.fr\/site\/wp-content\/uploads\/2026\/03\/image05.png\" alt=\"Sensibilisation aux risques routiers\" class=\"wp-image-2863\" srcset=\"https:\/\/www.lycee-elisalemonnier.fr\/site\/wp-content\/uploads\/2026\/03\/image05.png 733w, https:\/\/www.lycee-elisalemonnier.fr\/site\/wp-content\/uploads\/2026\/03\/image05-300x177.png 300w\" sizes=\"(max-width: 733px) 100vw, 733px\" \/><\/figure>\n\n\n\n<figure class=\"wp-block-image size-large\"><img loading=\"lazy\" decoding=\"async\" width=\"654\" height=\"307\" data-id=\"2866\" src=\"https:\/\/www.lycee-elisalemonnier.fr\/site\/wp-content\/uploads\/2026\/03\/image06.png\" alt=\"Sensibilisation aux risques routiers\" class=\"wp-image-2866\" srcset=\"https:\/\/www.lycee-elisalemonnier.fr\/site\/wp-content\/uploads\/2026\/03\/image06.png 654w, https:\/\/www.lycee-elisalemonnier.fr\/site\/wp-content\/uploads\/2026\/03\/image06-300x141.png 300w\" sizes=\"(max-width: 654px) 100vw, 654px\" \/><\/figure>\n\n\n\n<figure class=\"wp-block-image size-large\"><img loading=\"lazy\" decoding=\"async\" width=\"968\" height=\"490\" data-id=\"2867\" src=\"https:\/\/www.lycee-elisalemonnier.fr\/site\/wp-content\/uploads\/2026\/03\/image07.png\" alt=\"Sensibilisation aux risques routiers\" class=\"wp-image-2867\" srcset=\"https:\/\/www.lycee-elisalemonnier.fr\/site\/wp-content\/uploads\/2026\/03\/image07.png 968w, https:\/\/www.lycee-elisalemonnier.fr\/site\/wp-content\/uploads\/2026\/03\/image07-300x152.png 300w, https:\/\/www.lycee-elisalemonnier.fr\/site\/wp-content\/uploads\/2026\/03\/image07-768x389.png 768w\" sizes=\"(max-width: 968px) 100vw, 968px\" \/><\/figure>\n\n\n\n<figure class=\"wp-block-image size-large\"><img loading=\"lazy\" decoding=\"async\" width=\"900\" height=\"534\" data-id=\"2868\" src=\"https:\/\/www.lycee-elisalemonnier.fr\/site\/wp-content\/uploads\/2026\/03\/image08.png\" alt=\"Sensibilisation aux risques routiers\" class=\"wp-image-2868\" srcset=\"https:\/\/www.lycee-elisalemonnier.fr\/site\/wp-content\/uploads\/2026\/03\/image08.png 900w, https:\/\/www.lycee-elisalemonnier.fr\/site\/wp-content\/uploads\/2026\/03\/image08-300x178.png 300w, https:\/\/www.lycee-elisalemonnier.fr\/site\/wp-content\/uploads\/2026\/03\/image08-768x456.png 768w\" sizes=\"(max-width: 900px) 100vw, 900px\" \/><\/figure>\n\n\n\n<figure class=\"wp-block-image size-large\"><img loading=\"lazy\" decoding=\"async\" width=\"938\" height=\"502\" data-id=\"2869\" src=\"https:\/\/www.lycee-elisalemonnier.fr\/site\/wp-content\/uploads\/2026\/03\/image09.png\" alt=\"Sensibilisation aux risques routiers\" class=\"wp-image-2869\" srcset=\"https:\/\/www.lycee-elisalemonnier.fr\/site\/wp-content\/uploads\/2026\/03\/image09.png 938w, https:\/\/www.lycee-elisalemonnier.fr\/site\/wp-content\/uploads\/2026\/03\/image09-300x161.png 300w, https:\/\/www.lycee-elisalemonnier.fr\/site\/wp-content\/uploads\/2026\/03\/image09-768x411.png 768w\" sizes=\"(max-width: 938px) 100vw, 938px\" \/><\/figure>\n\n\n\n<figure class=\"wp-block-image size-large\"><img loading=\"lazy\" decoding=\"async\" width=\"872\" height=\"497\" data-id=\"2870\" src=\"https:\/\/www.lycee-elisalemonnier.fr\/site\/wp-content\/uploads\/2026\/03\/image10.png\" alt=\"Sensibilisation aux risques routiers\" class=\"wp-image-2870\" srcset=\"https:\/\/www.lycee-elisalemonnier.fr\/site\/wp-content\/uploads\/2026\/03\/image10.png 872w, https:\/\/www.lycee-elisalemonnier.fr\/site\/wp-content\/uploads\/2026\/03\/image10-300x171.png 300w, https:\/\/www.lycee-elisalemonnier.fr\/site\/wp-content\/uploads\/2026\/03\/image10-768x438.png 768w\" sizes=\"(max-width: 872px) 100vw, 872px\" \/><\/figure>\n\n\n\n<figure class=\"wp-block-image size-large\"><img loading=\"lazy\" decoding=\"async\" width=\"945\" height=\"325\" data-id=\"2871\" src=\"https:\/\/www.lycee-elisalemonnier.fr\/site\/wp-content\/uploads\/2026\/03\/image11.png\" alt=\"Sensibilisation aux risques routiers\" class=\"wp-image-2871\" srcset=\"https:\/\/www.lycee-elisalemonnier.fr\/site\/wp-content\/uploads\/2026\/03\/image11.png 945w, https:\/\/www.lycee-elisalemonnier.fr\/site\/wp-content\/uploads\/2026\/03\/image11-300x103.png 300w, https:\/\/www.lycee-elisalemonnier.fr\/site\/wp-content\/uploads\/2026\/03\/image11-768x264.png 768w\" sizes=\"(max-width: 945px) 100vw, 945px\" \/><\/figure>\n<\/figure>\n\n\n\n<p>La sensibilisation a \u00e9t\u00e9 compl\u00e9t\u00e9e par des s\u00e9ances autour du support p\u00e9dagogique <a href=\"http:\/\/routeetprevention.fr\/\">Route et pr\u00e9vention<\/a>, anim\u00e9es par les enseignants du lyc\u00e9e.<\/p>\n\n\n\n<p><\/p>\n","protected":false},"excerpt":{"rendered":"<p>Conform\u00e9ment \u00e0 la circulaire du minist\u00e8re de l\u2019\u00c9ducation nationale n\u00b0 2015-082 du 22 mai 2015, les \u00e9l\u00e8ves de seconde (g\u00e9n\u00e9rale, technologique, et professionnelle), ainsi que les 3\u00e8me Pr\u00e9pa Pro et les 1\u00e8res ann\u00e9es de CAP y compris les alternants (soit pr\u00e8s de 600 \u00e9l\u00e8ves) ont \u00e9t\u00e9 sensibilis\u00e9s aux risques routiers la semaine du 9 au&hellip;&nbsp;<a href=\"https:\/\/www.lycee-elisalemonnier.fr\/site\/2026\/03\/05\/les-eleves-de-seconde-ont-ete-sensibilises-aux-risques-routiers\/\" class=\"\" rel=\"bookmark\">Lire la suite &raquo;<span class=\"screen-reader-text\">Les \u00e9l\u00e8ves de seconde ont \u00e9t\u00e9 sensibilis\u00e9s aux risques routiers<\/span><\/a><\/p>\n","protected":false},"author":3,"featured_media":2862,"comment_status":"closed","ping_status":"open","sticky":false,"template":"","format":"standard","meta":{"neve_meta_sidebar":"","neve_meta_container":"","neve_meta_enable_content_width":"","neve_meta_content_width":0,"neve_meta_title_alignment":"","neve_meta_author_avatar":"","neve_post_elements_order":"","neve_meta_disable_header":"","neve_meta_disable_footer":"","neve_meta_disable_title":"","footnotes":""},"categories":[1],"tags":[],"class_list":["post-2860","post","type-post","status-publish","format-standard","has-post-thumbnail","hentry","category-non-classe"],"_links":{"self":[{"href":"https:\/\/www.lycee-elisalemonnier.fr\/site\/wp-json\/wp\/v2\/posts\/2860","targetHints":{"allow":["GET"]}}],"collection":[{"href":"https:\/\/www.lycee-elisalemonnier.fr\/site\/wp-json\/wp\/v2\/posts"}],"about":[{"href":"https:\/\/www.lycee-elisalemonnier.fr\/site\/wp-json\/wp\/v2\/types\/post"}],"author":[{"embeddable":true,"href":"https:\/\/www.lycee-elisalemonnier.fr\/site\/wp-json\/wp\/v2\/users\/3"}],"replies":[{"embeddable":true,"href":"https:\/\/www.lycee-elisalemonnier.fr\/site\/wp-json\/wp\/v2\/comments?post=2860"}],"version-history":[{"count":1,"href":"https:\/\/www.lycee-elisalemonnier.fr\/site\/wp-json\/wp\/v2\/posts\/2860\/revisions"}],"predecessor-version":[{"id":2872,"href":"https:\/\/www.lycee-elisalemonnier.fr\/site\/wp-json\/wp\/v2\/posts\/2860\/revisions\/2872"}],"wp:featuredmedia":[{"embeddable":true,"href":"https:\/\/www.lycee-elisalemonnier.fr\/site\/wp-json\/wp\/v2\/media\/2862"}],"wp:attachment":[{"href":"https:\/\/www.lycee-elisalemonnier.fr\/site\/wp-json\/wp\/v2\/media?parent=2860"}],"wp:term":[{"taxonomy":"category","embeddable":true,"href":"https:\/\/www.lycee-elisalemonnier.fr\/site\/wp-json\/wp\/v2\/categories?post=2860"},{"taxonomy":"post_tag","embeddable":true,"href":"https:\/\/www.lycee-elisalemonnier.fr\/site\/wp-json\/wp\/v2\/tags?post=2860"}],"curies":[{"name":"wp","href":"https:\/\/api.w.org\/{rel}","templated":true}]}}