{"id":2873,"date":"2026-03-10T13:29:24","date_gmt":"2026-03-10T12:29:24","guid":{"rendered":"https:\/\/www.lycee-elisalemonnier.fr\/site\/?p=2873"},"modified":"2026-03-10T13:29:25","modified_gmt":"2026-03-10T12:29:25","slug":"jeunes-en-librairie-rencontre-avec-le-libraire","status":"publish","type":"post","link":"https:\/\/www.lycee-elisalemonnier.fr\/site\/2026\/03\/10\/jeunes-en-librairie-rencontre-avec-le-libraire\/","title":{"rendered":"Jeunes en librairie : rencontre avec le libraire"},"content":{"rendered":"\n<p>Ce mardi 10 Mars, le g\u00e9rant de la <a href=\"https:\/\/librairie-sensations.fr\/\">librairie Sensations<\/a> de Douai est intervenu aupr\u00e8s des 2TNE3 avec M.Djafer. Cette rencontre a \u00e9t\u00e9 l\u2019occasion pour les \u00e9l\u00e8ves de d\u00e9couvrir les m\u00e9tiers et la cha\u00eene du livre, ainsi que de poser de nombreuses questions au libraire.<\/p>\n\n\n\n<figure class=\"wp-block-image size-large\"><img fetchpriority=\"high\" decoding=\"async\" width=\"1024\" height=\"562\" src=\"https:\/\/www.lycee-elisalemonnier.fr\/site\/wp-content\/uploads\/2026\/03\/JEL-rencontre-libraire1-1024x562.jpg\" alt=\"\" class=\"wp-image-2874\" srcset=\"https:\/\/www.lycee-elisalemonnier.fr\/site\/wp-content\/uploads\/2026\/03\/JEL-rencontre-libraire1-1024x562.jpg 1024w, https:\/\/www.lycee-elisalemonnier.fr\/site\/wp-content\/uploads\/2026\/03\/JEL-rencontre-libraire1-300x165.jpg 300w, https:\/\/www.lycee-elisalemonnier.fr\/site\/wp-content\/uploads\/2026\/03\/JEL-rencontre-libraire1-768x421.jpg 768w, https:\/\/www.lycee-elisalemonnier.fr\/site\/wp-content\/uploads\/2026\/03\/JEL-rencontre-libraire1.jpg 1147w\" sizes=\"(max-width: 1024px) 100vw, 1024px\" \/><\/figure>\n\n\n\n<p>Apr\u00e8s un temps d\u2019\u00e9changes, les \u00e9l\u00e8ves ont pu parler de leurs passions, pour pr\u00e9parer leur venue \u00e0 la librairie en fin d\u2019ann\u00e9e, afin d\u2019utiliser les ch\u00e8ques cadeaux offerts dans le cadre du projet \u201cJeunes en librairie\u201d.<\/p>\n\n\n\n<figure class=\"wp-block-image size-large\"><img decoding=\"async\" width=\"1024\" height=\"480\" src=\"https:\/\/www.lycee-elisalemonnier.fr\/site\/wp-content\/uploads\/2026\/03\/JEL-rencontre-libraire2-1024x480.jpg\" alt=\"\" class=\"wp-image-2875\" srcset=\"https:\/\/www.lycee-elisalemonnier.fr\/site\/wp-content\/uploads\/2026\/03\/JEL-rencontre-libraire2-1024x480.jpg 1024w, https:\/\/www.lycee-elisalemonnier.fr\/site\/wp-content\/uploads\/2026\/03\/JEL-rencontre-libraire2-300x140.jpg 300w, https:\/\/www.lycee-elisalemonnier.fr\/site\/wp-content\/uploads\/2026\/03\/JEL-rencontre-libraire2-768x360.jpg 768w, https:\/\/www.lycee-elisalemonnier.fr\/site\/wp-content\/uploads\/2026\/03\/JEL-rencontre-libraire2.jpg 1309w\" sizes=\"(max-width: 1024px) 100vw, 1024px\" \/><\/figure>\n\n\n\n<p>Dans la continuit\u00e9 de ce projet, c\u2019est avec plaisir que nous avons accueilli Thierry Moral : conteur, com\u00e9dien et auteur qui a mis en voix quelques nouvelles tir\u00e9es de son \u0153uvre \u201cDoubles et tranchants\u201d (voir <a href=\"https:\/\/www.lycee-elisalemonnier.fr\/site\/2025\/12\/11\/projet-jeunes-en-librairie\/\">l&rsquo;article correspondant<\/a>) . Les \u00e9l\u00e8ves s\u2019inspireront de cette \u0153uvre pour \u00e9crire leurs propres nouvelles autobiographiques, qui seront jou\u00e9es le 7 mai en salle Desbonnet.<\/p>\n\n\n\n<p>Bravo \u00e0 eux pour leur investissement !<\/p>\n","protected":false},"excerpt":{"rendered":"<p>Ce mardi 10 Mars, le g\u00e9rant de la librairie Sensations de Douai est intervenu aupr\u00e8s des 2TNE3 avec M.Djafer. Cette rencontre a \u00e9t\u00e9 l\u2019occasion pour les \u00e9l\u00e8ves de d\u00e9couvrir les m\u00e9tiers et la cha\u00eene du livre, ainsi que de poser de nombreuses questions au libraire. Apr\u00e8s un temps d\u2019\u00e9changes, les \u00e9l\u00e8ves ont pu parler de&hellip;&nbsp;<a href=\"https:\/\/www.lycee-elisalemonnier.fr\/site\/2026\/03\/10\/jeunes-en-librairie-rencontre-avec-le-libraire\/\" class=\"\" rel=\"bookmark\">Lire la suite &raquo;<span class=\"screen-reader-text\">Jeunes en librairie : rencontre avec le libraire<\/span><\/a><\/p>\n","protected":false},"author":3,"featured_media":2876,"comment_status":"closed","ping_status":"open","sticky":false,"template":"","format":"standard","meta":{"neve_meta_sidebar":"","neve_meta_container":"","neve_meta_enable_content_width":"","neve_meta_content_width":0,"neve_meta_title_alignment":"","neve_meta_author_avatar":"","neve_post_elements_order":"","neve_meta_disable_header":"","neve_meta_disable_footer":"","neve_meta_disable_title":"","footnotes":""},"categories":[1],"tags":[],"class_list":["post-2873","post","type-post","status-publish","format-standard","has-post-thumbnail","hentry","category-non-classe"],"_links":{"self":[{"href":"https:\/\/www.lycee-elisalemonnier.fr\/site\/wp-json\/wp\/v2\/posts\/2873","targetHints":{"allow":["GET"]}}],"collection":[{"href":"https:\/\/www.lycee-elisalemonnier.fr\/site\/wp-json\/wp\/v2\/posts"}],"about":[{"href":"https:\/\/www.lycee-elisalemonnier.fr\/site\/wp-json\/wp\/v2\/types\/post"}],"author":[{"embeddable":true,"href":"https:\/\/www.lycee-elisalemonnier.fr\/site\/wp-json\/wp\/v2\/users\/3"}],"replies":[{"embeddable":true,"href":"https:\/\/www.lycee-elisalemonnier.fr\/site\/wp-json\/wp\/v2\/comments?post=2873"}],"version-history":[{"count":1,"href":"https:\/\/www.lycee-elisalemonnier.fr\/site\/wp-json\/wp\/v2\/posts\/2873\/revisions"}],"predecessor-version":[{"id":2877,"href":"https:\/\/www.lycee-elisalemonnier.fr\/site\/wp-json\/wp\/v2\/posts\/2873\/revisions\/2877"}],"wp:featuredmedia":[{"embeddable":true,"href":"https:\/\/www.lycee-elisalemonnier.fr\/site\/wp-json\/wp\/v2\/media\/2876"}],"wp:attachment":[{"href":"https:\/\/www.lycee-elisalemonnier.fr\/site\/wp-json\/wp\/v2\/media?parent=2873"}],"wp:term":[{"taxonomy":"category","embeddable":true,"href":"https:\/\/www.lycee-elisalemonnier.fr\/site\/wp-json\/wp\/v2\/categories?post=2873"},{"taxonomy":"post_tag","embeddable":true,"href":"https:\/\/www.lycee-elisalemonnier.fr\/site\/wp-json\/wp\/v2\/tags?post=2873"}],"curies":[{"name":"wp","href":"https:\/\/api.w.org\/{rel}","templated":true}]}}