{"id":2880,"date":"2026-03-31T10:48:30","date_gmt":"2026-03-31T08:48:30","guid":{"rendered":"https:\/\/www.lycee-elisalemonnier.fr\/site\/?p=2880"},"modified":"2026-03-31T10:48:32","modified_gmt":"2026-03-31T08:48:32","slug":"emission-de-webradio-pour-les-portes-ouvertes-du-28-mars-2026","status":"publish","type":"post","link":"https:\/\/www.lycee-elisalemonnier.fr\/site\/2026\/03\/31\/emission-de-webradio-pour-les-portes-ouvertes-du-28-mars-2026\/","title":{"rendered":"\u00c9mission de webradio pour les portes ouvertes du 28 mars 2026"},"content":{"rendered":"\n<p>Sous l\u2019impulsion du CDI, 4 \u00e9l\u00e8ves de Terminale CIEL (Bac Pro Cybers\u00e9curit\u00e9, Informatique<br>et r\u00e9seaux, \u00c9Lectronique) ont pr\u00e9par\u00e9 et enregistr\u00e9 une \u00e9mission de webradio. Elle s\u2019inscrit dans le cadre de la journ\u00e9e Portes Ouvertes du 28 mars 2026 et de la Semaine de la Presse et des M\u00e9dias \u00e0 l\u2019\u00c9cole (SPME). <\/p>\n\n\n\n<figure class=\"wp-block-image size-full\"><img fetchpriority=\"high\" decoding=\"async\" width=\"780\" height=\"416\" src=\"https:\/\/www.lycee-elisalemonnier.fr\/site\/wp-content\/uploads\/2026\/03\/Webradio-JPO.jpg\" alt=\"Lors de l'enregistrement de l'\u00e9mission de webradio, avec une enseignante et deux \u00e9l\u00e8ves, au CDI.\" class=\"wp-image-2881\" srcset=\"https:\/\/www.lycee-elisalemonnier.fr\/site\/wp-content\/uploads\/2026\/03\/Webradio-JPO.jpg 780w, https:\/\/www.lycee-elisalemonnier.fr\/site\/wp-content\/uploads\/2026\/03\/Webradio-JPO-300x160.jpg 300w, https:\/\/www.lycee-elisalemonnier.fr\/site\/wp-content\/uploads\/2026\/03\/Webradio-JPO-768x410.jpg 768w\" sizes=\"(max-width: 780px) 100vw, 780px\" \/><\/figure>\n\n\n\n<p>L\u2019\u00e9mission pr\u00e9sente le LPO Elisa Lemonnier dans sa globalit\u00e9, certaines de ses fili\u00e8res (g\u00e9n\u00e9rale, technologique et professionnelle) \u00e0 travers l\u2019interview des enseignants, mais aussi le p\u00f4le sant\u00e9 social, l\u2019UNSS, et certains projets et clubs du lyc\u00e9e (magasin p\u00e9dagogique, club Musique).<\/p>\n\n\n\n<p>Retrouvez l&rsquo;\u00e9mission sur le site de la webradio des Hauts-de-France en cliquant sur <a href=\"https:\/\/radioeducation.saooti.org\/main\/pub\/podcast\/740321\">ce lien<\/a>.<\/p>\n\n\n\n<p><\/p>\n","protected":false},"excerpt":{"rendered":"<p>Sous l\u2019impulsion du CDI, 4 \u00e9l\u00e8ves de Terminale CIEL (Bac Pro Cybers\u00e9curit\u00e9, Informatiqueet r\u00e9seaux, \u00c9Lectronique) ont pr\u00e9par\u00e9 et enregistr\u00e9 une \u00e9mission de webradio. Elle s\u2019inscrit dans le cadre de la journ\u00e9e Portes Ouvertes du 28 mars 2026 et de la Semaine de la Presse et des M\u00e9dias \u00e0 l\u2019\u00c9cole (SPME). L\u2019\u00e9mission pr\u00e9sente le LPO Elisa&hellip;&nbsp;<a href=\"https:\/\/www.lycee-elisalemonnier.fr\/site\/2026\/03\/31\/emission-de-webradio-pour-les-portes-ouvertes-du-28-mars-2026\/\" class=\"\" rel=\"bookmark\">Lire la suite &raquo;<span class=\"screen-reader-text\">\u00c9mission de webradio pour les portes ouvertes du 28 mars 2026<\/span><\/a><\/p>\n","protected":false},"author":3,"featured_media":2885,"comment_status":"closed","ping_status":"open","sticky":false,"template":"","format":"standard","meta":{"neve_meta_sidebar":"","neve_meta_container":"","neve_meta_enable_content_width":"","neve_meta_content_width":0,"neve_meta_title_alignment":"","neve_meta_author_avatar":"","neve_post_elements_order":"","neve_meta_disable_header":"","neve_meta_disable_footer":"","neve_meta_disable_title":"","footnotes":""},"categories":[1],"tags":[],"class_list":["post-2880","post","type-post","status-publish","format-standard","has-post-thumbnail","hentry","category-non-classe"],"_links":{"self":[{"href":"https:\/\/www.lycee-elisalemonnier.fr\/site\/wp-json\/wp\/v2\/posts\/2880","targetHints":{"allow":["GET"]}}],"collection":[{"href":"https:\/\/www.lycee-elisalemonnier.fr\/site\/wp-json\/wp\/v2\/posts"}],"about":[{"href":"https:\/\/www.lycee-elisalemonnier.fr\/site\/wp-json\/wp\/v2\/types\/post"}],"author":[{"embeddable":true,"href":"https:\/\/www.lycee-elisalemonnier.fr\/site\/wp-json\/wp\/v2\/users\/3"}],"replies":[{"embeddable":true,"href":"https:\/\/www.lycee-elisalemonnier.fr\/site\/wp-json\/wp\/v2\/comments?post=2880"}],"version-history":[{"count":3,"href":"https:\/\/www.lycee-elisalemonnier.fr\/site\/wp-json\/wp\/v2\/posts\/2880\/revisions"}],"predecessor-version":[{"id":2884,"href":"https:\/\/www.lycee-elisalemonnier.fr\/site\/wp-json\/wp\/v2\/posts\/2880\/revisions\/2884"}],"wp:featuredmedia":[{"embeddable":true,"href":"https:\/\/www.lycee-elisalemonnier.fr\/site\/wp-json\/wp\/v2\/media\/2885"}],"wp:attachment":[{"href":"https:\/\/www.lycee-elisalemonnier.fr\/site\/wp-json\/wp\/v2\/media?parent=2880"}],"wp:term":[{"taxonomy":"category","embeddable":true,"href":"https:\/\/www.lycee-elisalemonnier.fr\/site\/wp-json\/wp\/v2\/categories?post=2880"},{"taxonomy":"post_tag","embeddable":true,"href":"https:\/\/www.lycee-elisalemonnier.fr\/site\/wp-json\/wp\/v2\/tags?post=2880"}],"curies":[{"name":"wp","href":"https:\/\/api.w.org\/{rel}","templated":true}]}}