{"id":553,"date":"2023-12-08T18:09:20","date_gmt":"2023-12-08T17:09:20","guid":{"rendered":"https:\/\/www.lycee-elisalemonnier.fr\/site\/?p=553"},"modified":"2023-12-20T10:55:03","modified_gmt":"2023-12-20T09:55:03","slug":"il-reste-des-places-pour-le-noel-des-desherites-vendredi-15-decembre","status":"publish","type":"post","link":"https:\/\/www.lycee-elisalemonnier.fr\/site\/2023\/12\/08\/il-reste-des-places-pour-le-noel-des-desherites-vendredi-15-decembre\/","title":{"rendered":"Il reste des places pour le No\u00ebl des d\u00e9sh\u00e9rit\u00e9s vendredi 15 d\u00e9cembre"},"content":{"rendered":"\n<div class=\"wp-block-columns is-layout-flex wp-container-core-columns-is-layout-9d6595d7 wp-block-columns-is-layout-flex\">\n<div class=\"wp-block-column is-layout-flow wp-block-column-is-layout-flow\" style=\"flex-basis:33.33%\">\n<figure class=\"wp-block-image size-full\"><img fetchpriority=\"high\" decoding=\"async\" width=\"350\" height=\"251\" src=\"https:\/\/www.lycee-elisalemonnier.fr\/site\/wp-content\/uploads\/2023\/12\/noel-heureux-large@2x.png\" alt=\"\" class=\"wp-image-551\" srcset=\"https:\/\/www.lycee-elisalemonnier.fr\/site\/wp-content\/uploads\/2023\/12\/noel-heureux-large@2x.png 350w, https:\/\/www.lycee-elisalemonnier.fr\/site\/wp-content\/uploads\/2023\/12\/noel-heureux-large@2x-300x215.png 300w\" sizes=\"(max-width: 350px) 100vw, 350px\" \/><\/figure>\n<\/div>\n\n\n\n<div class=\"wp-block-column is-layout-flow wp-block-column-is-layout-flow\" style=\"flex-basis:66.66%\">\n<p><strong>Bonjour \u00e0 tous,<\/strong><\/p>\n\n\n\n<p><strong><br>Pour la 21e ann\u00e9e, le lyc\u00e9e \u00c9lisa Lemonnier (ex-Rabelais et Edmond Labb\u00e9) concocte un repas de f\u00eate pour le No\u00ebl des D\u00e9sh\u00e9rit\u00e9s de notre journal.<br>Il nous reste encore quelques places pour le No\u00ebl des d\u00e9sh\u00e9rit\u00e9s vendredi prochain.<\/strong><\/p>\n\n\n\n<p>Pour en savoir plus suivre le lien :<\/p>\n<\/div>\n<\/div>\n\n\n\n<p><a href=\"https:\/\/www.lavoixdunord.fr\/1397384\/article\/2023-11-16\/douai-le-repas-de-gala-du-lycee-elisa-lemonnier-pour-le-noel-des-desherites-c\">https:\/\/www.lavoixdunord.fr\/1397384\/article\/2023-11-16\/douai-le-repas-de-gala-du-lycee-elisa-lemonnier-pour-le-noel-des-desherites-c<\/a><\/p>\n","protected":false},"excerpt":{"rendered":"<p>Bonjour \u00e0 tous, Pour la 21e ann\u00e9e, le lyc\u00e9e \u00c9lisa Lemonnier (ex-Rabelais et Edmond Labb\u00e9) concocte un repas de f\u00eate pour le No\u00ebl des D\u00e9sh\u00e9rit\u00e9s de notre journal.Il nous reste encore quelques places pour le No\u00ebl des d\u00e9sh\u00e9rit\u00e9s vendredi prochain. Pour en savoir plus suivre le lien : https:\/\/www.lavoixdunord.fr\/1397384\/article\/2023-11-16\/douai-le-repas-de-gala-du-lycee-elisa-lemonnier-pour-le-noel-des-desherites-c<\/p>\n","protected":false},"author":1,"featured_media":593,"comment_status":"closed","ping_status":"open","sticky":false,"template":"","format":"standard","meta":{"neve_meta_sidebar":"","neve_meta_container":"","neve_meta_enable_content_width":"","neve_meta_content_width":0,"neve_meta_title_alignment":"","neve_meta_author_avatar":"","neve_post_elements_order":"","neve_meta_disable_header":"","neve_meta_disable_footer":"","neve_meta_disable_title":"","footnotes":""},"categories":[1],"tags":[],"class_list":["post-553","post","type-post","status-publish","format-standard","has-post-thumbnail","hentry","category-non-classe"],"_links":{"self":[{"href":"https:\/\/www.lycee-elisalemonnier.fr\/site\/wp-json\/wp\/v2\/posts\/553","targetHints":{"allow":["GET"]}}],"collection":[{"href":"https:\/\/www.lycee-elisalemonnier.fr\/site\/wp-json\/wp\/v2\/posts"}],"about":[{"href":"https:\/\/www.lycee-elisalemonnier.fr\/site\/wp-json\/wp\/v2\/types\/post"}],"author":[{"embeddable":true,"href":"https:\/\/www.lycee-elisalemonnier.fr\/site\/wp-json\/wp\/v2\/users\/1"}],"replies":[{"embeddable":true,"href":"https:\/\/www.lycee-elisalemonnier.fr\/site\/wp-json\/wp\/v2\/comments?post=553"}],"version-history":[{"count":8,"href":"https:\/\/www.lycee-elisalemonnier.fr\/site\/wp-json\/wp\/v2\/posts\/553\/revisions"}],"predecessor-version":[{"id":591,"href":"https:\/\/www.lycee-elisalemonnier.fr\/site\/wp-json\/wp\/v2\/posts\/553\/revisions\/591"}],"wp:featuredmedia":[{"embeddable":true,"href":"https:\/\/www.lycee-elisalemonnier.fr\/site\/wp-json\/wp\/v2\/media\/593"}],"wp:attachment":[{"href":"https:\/\/www.lycee-elisalemonnier.fr\/site\/wp-json\/wp\/v2\/media?parent=553"}],"wp:term":[{"taxonomy":"category","embeddable":true,"href":"https:\/\/www.lycee-elisalemonnier.fr\/site\/wp-json\/wp\/v2\/categories?post=553"},{"taxonomy":"post_tag","embeddable":true,"href":"https:\/\/www.lycee-elisalemonnier.fr\/site\/wp-json\/wp\/v2\/tags?post=553"}],"curies":[{"name":"wp","href":"https:\/\/api.w.org\/{rel}","templated":true}]}}